{"id":331262,"date":"2025-08-20T09:32:10","date_gmt":"2025-08-20T09:32:10","guid":{"rendered":"https:\/\/www.europesays.com\/fr\/331262\/"},"modified":"2025-08-20T09:32:10","modified_gmt":"2025-08-20T09:32:10","slug":"lus-open-derniere-etape-dune-tournee-americaine-a-part-lequipe","status":"publish","type":"post","link":"https:\/\/www.europesays.com\/fr\/331262\/","title":{"rendered":"L&#039;US Open, derni\u00e8re \u00e9tape d&#039;une tourn\u00e9e am\u00e9ricaine \u00e0 part &#8211; L&#039;\u00c9quipe"},"content":{"rendered":"<ol>\n<li><a href=\"https:\/\/news.google.com\/rss\/articles\/CBMid0FVX3lxTFBuNy03UDQyX21IZGVHbnhHMDF2T3pKamVpZ05vZHNRS2xGSFpua0dmY04tRlI5aEE2aFlUWDVkSThGVldEMTE0eE1Qa3pGZ3oxTTRQTHFSYnJuWGltWHBQdFJEX01rTmdfS0ZUZU1YbUlQVlpGZEow?oc=5\" target=\"_blank\" rel=\"nofollow noopener\">L&rsquo;US Open, derni\u00e8re \u00e9tape d&rsquo;une tourn\u00e9e am\u00e9ricaine \u00e0 part<\/a>&nbsp;&nbsp;L&rsquo;\u00c9quipe<\/li>\n<li><a href=\"https:\/\/news.google.com\/rss\/articles\/CBMisAJBVV95cUxOR1g3d09CcmctZ1pEX09aYjhQelM0bFB1UG9HMWItb2U0REUxbWRWcWpibnNPc01XQXRZNGpKOEdYa3dyVWZXSWFMbmpKanVhZXE5anR1YjZIUWpyX1gzclRYVlRldEwwb1VBM2RnbkNTVXNJbjhqSVM4SjRONG1jS2RIQTFuTFU0RXdHRUJGdEpHODZtOUkwSnpRWmllblkySnFNWENMWkFtNFRtSmgzWWxVS1EtV0lVWkxrQ0hndHA5Ukd5M0JWME1lRExCS2UxLWZJaVVZT1B4UnNuZ01iVXVHWERtN3BCYWRCQk9uUmhjRDBBUlJhMnozV05jTGE5Y2FhTF8tX0dGdzFQcUQ3TE1ZUFdnYXlUY3hzNjU1enVsYUhIbE4ybmFhZTZGaWNl?oc=5\" target=\"_blank\" rel=\"nofollow noopener\">Sinner et Alcaraz ont rendez-vous \u00e0 New York : o\u00f9 et comment suivre l&rsquo;US Open<\/a>&nbsp;&nbsp;Eurosport<\/li>\n<li><a href=\"https:\/\/news.google.com\/rss\/articles\/CBMi8gFBVV95cUxNbk42WXlGWW5xQlNUd3Q1R2JfOEhuSmNFYjQtSWtQS3FxSl9oM2p6THlUZTlkRjhPY0xrUWhQT1ZXS1ZhQkRVbmJUT1RjU3NBX1NMM25JMlU2Tm5HT2pJeDlLYmJHNUNDd1lMZFEyRDVPalRmalN5Zlppd19sODkzajdmbFptRXBWZmphb29aWUprcEdqeFMtdzNSM1k5b1Z2MVBnUzMxS0FqMW5jdDlLSmU0OVdySjVDS0JSNnU5QXJhT2s2UDZJQnFidjdLTVBXa3d3UTEyYUk1RWJFWXBXajNWRF9nMlhBUVAyT1d5Rk1Edw?oc=5\" target=\"_blank\" rel=\"nofollow noopener\">Patrick Mouratoglou sur l\u2019US Open : \u00ab New York offre mille tenta\u00adtions, et rester concentr\u00e9 \u00e0 100 % est un d\u00e9fi pour certains joueurs \u00bb<\/a>&nbsp;&nbsp;We Love Tennis<\/li>\n<li><a href=\"https:\/\/news.google.com\/rss\/articles\/CBMirAFBVV95cUxOdmxyNmFINEliZTBIV0tNSkk3Vmpwbi1wc3M2MTlYZXhMcjhKbjU1NzFUWFNoX2ZJOEpJdkl1S1dkYWY4cmx6ZHJ1RlkweXlVVUNPT2cxMlR1Vm5UMmtUSWxsMllsWnhqblZRUk92ZFRsM25TZzU2M3Z5U0tPNThIdWVWNENCVDZ0SGdIQmU0LTAxWUJvNTRUbGNDZm1sQXAxR3VaRW5DbzhJMVNY0gGrAUFVX3lxTE5nTjVsWUlsZllNRTNEaXJFcDNVZk5XdzFReS0wb0ZfcldUSTRua001S21YeG4xZGZUUFozS2hGNDZQSnUwbjhJSUZ6dW1MY1BEbUpQYzJ3Q0VmT2ZiYlVtRjJONTlLWjBLTWFqbm5nTzJmQllGb3pLYldBVW92X1ZXVnZrVkd3TmcteGxLekNFckFYdVdTdVl4Z2ZqT2IxSGRxcE82VXMtUzFoQQ?oc=5\" target=\"_blank\" rel=\"nofollow noopener\">Focus : L&rsquo;US Open fait tout en grand<\/a>&nbsp;&nbsp;Orange Actualit\u00e9s | Sports<\/li>\n<li><a href=\"https:\/\/news.google.com\/rss\/articles\/CBMitAFBVV95cUxQTnRmM2trS1dobkx6TkFrM29kaGV0Rm9saUIySFpWdkN3LWlUUkxrYk1TZjZXbkp0bU40OXlkUEo5dUV0dDE0dUw5dURza0xjb1VDbmdIcHE2d3dOaUV2Y2VpWVQ1aG5xbGt0dFhhcDlOd1AxNWdjLXdJNEZ6cVRHZUN1Nk9yck5OeEdMUnZBZ20yNVI5ckRKY2NYRU4zVFBCNzNON0RMcjRFd2xySi1RdWNOX08?oc=5\" target=\"_blank\" rel=\"nofollow noopener\">US Open 2025 \u2013 dates, prize money record, favoris : tout savoir sur le tournoi<\/a>&nbsp;&nbsp;Univers Tennis<\/li>\n<\/ol>\n","protected":false},"excerpt":{"rendered":"L&rsquo;US Open, derni\u00e8re \u00e9tape d&rsquo;une tourn\u00e9e am\u00e9ricaine \u00e0 part&nbsp;&nbsp;L&rsquo;\u00c9quipe Sinner et Alcaraz ont rendez-vous \u00e0 New York :&hellip;\n","protected":false},"author":2,"featured_media":331263,"comment_status":"","ping_status":"","sticky":false,"template":"","format":"standard","meta":{"footnotes":""},"categories":[1415],"tags":[1011,27,60,1467],"class_list":{"0":"post-331262","1":"post","2":"type-post","3":"status-publish","4":"format-standard","5":"has-post-thumbnail","7":"category-tennis","8":"tag-fr","9":"tag-france","10":"tag-sports","11":"tag-tennis"},"share_on_mastodon":{"url":"https:\/\/pubeurope.com\/@fr\/115060404579202749","error":""},"_links":{"self":[{"href":"https:\/\/www.europesays.com\/fr\/wp-json\/wp\/v2\/posts\/331262","targetHints":{"allow":["GET"]}}],"collection":[{"href":"https:\/\/www.europesays.com\/fr\/wp-json\/wp\/v2\/posts"}],"about":[{"href":"https:\/\/www.europesays.com\/fr\/wp-json\/wp\/v2\/types\/post"}],"author":[{"embeddable":true,"href":"https:\/\/www.europesays.com\/fr\/wp-json\/wp\/v2\/users\/2"}],"replies":[{"embeddable":true,"href":"https:\/\/www.europesays.com\/fr\/wp-json\/wp\/v2\/comments?post=331262"}],"version-history":[{"count":0,"href":"https:\/\/www.europesays.com\/fr\/wp-json\/wp\/v2\/posts\/331262\/revisions"}],"wp:featuredmedia":[{"embeddable":true,"href":"https:\/\/www.europesays.com\/fr\/wp-json\/wp\/v2\/media\/331263"}],"wp:attachment":[{"href":"https:\/\/www.europesays.com\/fr\/wp-json\/wp\/v2\/media?parent=331262"}],"wp:term":[{"taxonomy":"category","embeddable":true,"href":"https:\/\/www.europesays.com\/fr\/wp-json\/wp\/v2\/categories?post=331262"},{"taxonomy":"post_tag","embeddable":true,"href":"https:\/\/www.europesays.com\/fr\/wp-json\/wp\/v2\/tags?post=331262"}],"curies":[{"name":"wp","href":"https:\/\/api.w.org\/{rel}","templated":true}]}}