{"id":331264,"date":"2025-08-20T09:34:11","date_gmt":"2025-08-20T09:34:11","guid":{"rendered":"https:\/\/www.europesays.com\/fr\/331264\/"},"modified":"2025-08-20T09:34:11","modified_gmt":"2025-08-20T09:34:11","slug":"motogp-fermin-aldeguer-affiche-ses-ambitions-apres-lautriche-je-veux-etre-en-tete-des-le-premier-tour","status":"publish","type":"post","link":"https:\/\/www.europesays.com\/fr\/331264\/","title":{"rendered":"MotoGP &#8211; Fermin Aldeguer affiche ses ambitions apr\u00e8s l\u2019Autriche : \u00ab Je veux \u00eatre en t\u00eate d\u00e8s le premier tour \u00bb"},"content":{"rendered":"<p>D\u00e9j\u00e0 pr\u00e9sent sur le podium cette ann\u00e9e, Fermin Aldeguer a compl\u00e9t\u00e9 en ce week-end d\u2019ao\u00fbt, ce qui est \u00e0 ce jour son meilleur r\u00e9sultat en <a href=\"https:\/\/www.autohebdo.fr\/actualites\/motogp\" data-internallinksmanager029f6b8e52c=\"4\" title=\"MotoGP\" target=\"_blank\" rel=\"noopener\">MotoGP<\/a>. Si la prochaine \u00e9tape consiste en une victoire sonnante et tr\u00e9buchante, le sc\u00e9nario de cette \u00e9tape, le menant \u00e0 remonter de la sixi\u00e8me \u00e0 la deuxi\u00e8me place, a eu de quoi ravir l\u2019int\u00e9ress\u00e9.<\/p>\n<p>\u00ab\u00a0La course \u00e9tait incroyable, l\u2019une des meilleures de ma vie\u00a0! Mais tout est venu facilement, si l\u2019on peut dire. Je ne sais pas pourquoi, mais derri\u00e8re les autres pilotes, en premi\u00e8re partie de course, j\u2019ai toujours essay\u00e9 de les d\u00e9passer et je l\u2019ai fait facilement. Mon ressenti s\u2019am\u00e9liorait tour apr\u00e8s tour. Lorsque j\u2019ai d\u00e9pass\u00e9 Bezzecchi, je me suis dit : \u201coui, peut-\u00eatre qu\u2019aujourd\u2019hui le podium n\u2019est pas le seul r\u00e9sultat possible, je peux gagner la course.\u201d\u00a0\u00bb<\/p>\n<p>\u00c0 d\u00e9faut de pouvoir effectivement l\u2019emporter, Fermin Aldeguer a une nouvelle fois fait valoir sa grande capacit\u00e9 \u00e0 pr\u00e9server l\u2019\u00e9tat de ses pneumatiques lorsque cet \u00e9l\u00e9ment devient d\u00e9cisif dans l\u2019obtention d\u2019un bon r\u00e9sultat. T\u00e9moignant du fait que l\u2019usure n\u2019\u00e9tait absolument pas inqui\u00e9tante \u00e0 l\u2019arriv\u00e9e, le jeune Espagnol \u00e9tait ravi de pouvoir vivre un tel sc\u00e9nario. \u00ab\u00a0C\u2019est tr\u00e8s sp\u00e9cial, parce que lutter pour \u00eatre leader face \u00e0 un octuple champion du monde, c\u2019est super difficile. Mais je repr\u00e9sente la nouvelle g\u00e9n\u00e9ration, je suis jeune, et nous avons cet avantage de parfois perdre un peu la raison et de faire ce type de course.\u00a0\u00bb<\/p>\n<p>Aldeguer cible ses points d\u2019am\u00e9lioration<\/p>\n<p>Efficient sur la dur\u00e9e des courses, le pilote Gresini souhaite maintenant progresser dans les autres domaines, ceux qui lui semblent les moins naturels au premier abord.\u00a0\u00ab\u00a0L\u2019une des choses sur lesquelles je veux travailler, c\u2019est justement cette premi\u00e8re partie de course, a-t-il pr\u00e9cis\u00e9. Je veux m\u2019entra\u00eener davantage, faire plus de d\u00e9parts, je veux \u00eatre en t\u00eate d\u00e8s le premier tour pour rendre la course plus facile. Mais pour l\u2019instant, cette saison est faite pour apprendre. Nous avons cet avantage dans la derni\u00e8re partie de la course, et il faut savoir l\u2019utiliser.\u00a0\u00bb<\/p>\n<p>Ne sachant pas pour autant expliquer cet avantage r\u00e9current, Fermin Aldeguer r\u00e9pond avec simplicit\u00e9 \u00e0 l\u2019interrogation autour de sa m\u00e9thode. \u00ab\u00a0C\u2019est mon style. Je ne fais rien de diff\u00e9rent par rapport \u00e0 quand je roule en essais libres. Je pense que cela vient de la vitesse que je conserve au milieu du virage, de la fa\u00e7on dont j\u2019utilise les gaz, parce que je suis tr\u00e8s propre dans mon utilisation, d\u00e9taillait-il. Mais je dois encore travailler sur le \u00ab\u00a0pick-up\u00a0\u00bb de la moto, je dois continuer \u00e0 adapter mon style \u00e0 cette machine pour \u00eatre plus comp\u00e9titif sur d\u2019autres circuits. Nous progressons tr\u00e8s vite et, oui, je pense que toute mon \u00e9quipe et toute la famille Ducati sont tr\u00e8s heureux de mon adaptation.\u00a0\u00bb<\/p>\n<p><strong>\u00c0 LIRE AUSSI &gt; <a href=\"https:\/\/www.autohebdo.fr\/actualites\/motogp\/la-question-hebdo-marc-marquez-realisera-t-il-la-plus-grande-saison-de-lhistoire-du-motogp.html\" target=\"_blank\" rel=\"noopener\">La Question Hebdo \u2013 Marc M\u00e1rquez r\u00e9alisera-t-il la plus grande saison de l\u2019histoire du MotoGP ?<\/a><\/strong><\/p>\n","protected":false},"excerpt":{"rendered":"D\u00e9j\u00e0 pr\u00e9sent sur le podium cette ann\u00e9e, Fermin Aldeguer a compl\u00e9t\u00e9 en ce week-end d\u2019ao\u00fbt, ce qui est&hellip;\n","protected":false},"author":2,"featured_media":331265,"comment_status":"","ping_status":"","sticky":false,"template":"","format":"standard","meta":{"footnotes":""},"categories":[1413],"tags":[1011,27,1457,1456,60],"class_list":{"0":"post-331264","1":"post","2":"type-post","3":"status-publish","4":"format-standard","5":"has-post-thumbnail","7":"category-moto","8":"tag-fr","9":"tag-france","10":"tag-moto","11":"tag-motocycle","12":"tag-sports"},"share_on_mastodon":{"url":"https:\/\/pubeurope.com\/@fr\/115060412436929698","error":""},"_links":{"self":[{"href":"https:\/\/www.europesays.com\/fr\/wp-json\/wp\/v2\/posts\/331264","targetHints":{"allow":["GET"]}}],"collection":[{"href":"https:\/\/www.europesays.com\/fr\/wp-json\/wp\/v2\/posts"}],"about":[{"href":"https:\/\/www.europesays.com\/fr\/wp-json\/wp\/v2\/types\/post"}],"author":[{"embeddable":true,"href":"https:\/\/www.europesays.com\/fr\/wp-json\/wp\/v2\/users\/2"}],"replies":[{"embeddable":true,"href":"https:\/\/www.europesays.com\/fr\/wp-json\/wp\/v2\/comments?post=331264"}],"version-history":[{"count":0,"href":"https:\/\/www.europesays.com\/fr\/wp-json\/wp\/v2\/posts\/331264\/revisions"}],"wp:featuredmedia":[{"embeddable":true,"href":"https:\/\/www.europesays.com\/fr\/wp-json\/wp\/v2\/media\/331265"}],"wp:attachment":[{"href":"https:\/\/www.europesays.com\/fr\/wp-json\/wp\/v2\/media?parent=331264"}],"wp:term":[{"taxonomy":"category","embeddable":true,"href":"https:\/\/www.europesays.com\/fr\/wp-json\/wp\/v2\/categories?post=331264"},{"taxonomy":"post_tag","embeddable":true,"href":"https:\/\/www.europesays.com\/fr\/wp-json\/wp\/v2\/tags?post=331264"}],"curies":[{"name":"wp","href":"https:\/\/api.w.org\/{rel}","templated":true}]}}