{"id":331266,"date":"2025-08-20T09:35:10","date_gmt":"2025-08-20T09:35:10","guid":{"rendered":"https:\/\/www.europesays.com\/fr\/331266\/"},"modified":"2025-08-20T09:35:10","modified_gmt":"2025-08-20T09:35:10","slug":"nouvelle-ere-meme-heros-mbappe-commande-deja-une-nuit-a-la-hauteur-la-presse-espagnole-salue-les-debuts-de-lattaquant-francais-du-real-madrid","status":"publish","type":"post","link":"https:\/\/www.europesays.com\/fr\/331266\/","title":{"rendered":"\u00abNouvelle \u00e8re, m\u00eame h\u00e9ros\u00bb, \u00abMbapp\u00e9 commande d\u00e9j\u00e0\u00bb, \u00abune nuit \u00e0 la hauteur\u00bb, la presse espagnole salue les d\u00e9buts de l\u2019attaquant fran\u00e7ais du Real Madrid"},"content":{"rendered":"<p><strong>REVUE DE PRESSE &#8211;<\/strong> Unique buteur face \u00e0 Osasuna mardi, Kylian Mbapp\u00e9 a permis \u00e0 son \u00e9quipe de s\u2019imposer 1-0 pour la premi\u00e8re de Xabi Alonso en Liga.<\/p>\n<p class=\"fig-paragraph\"><a href=\"http:\/\/www.lefigaro.fr\/sports\/football\/liga-kylian-mbappe-patron-d-un-real-madrid-en-quete-de-redemption-20250819\" data-fig-type=\"NewsFlash\" data-gtm-custom-categorie=\"navigation\" data-gtm-custom-action=\"crossclick\" data-gtm-custom-label=\"Contextuel\" data-gtm-event=\"customEventSPE\" data-fig-domain=\"LEFIGARO\" rel=\"nofollow noopener\" target=\"_blank\">Kylian Mbapp\u00e9<\/a>\u00a0a d\u00e9but\u00e9 la saison de Liga comme il l\u2019avait termin\u00e9, c\u2019est-\u00e0-dire en marquant des buts. Le meilleur r\u00e9alisateur du championnat espagnol en 2024\/25 a permis au Real Madrid de s\u2019imposer\u00a0<a href=\"http:\/\/www.lefigaro.fr\/sports\/football\/espagne\/liga-un-petit-real-madrid-vainqueur-grace-a-kylian-mbappe-20250819\" data-fig-type=\"NewsFlash\" data-gtm-custom-categorie=\"navigation\" data-gtm-custom-action=\"crossclick\" data-gtm-custom-label=\"Contextuel\" data-gtm-event=\"customEventSPE\" data-fig-domain=\"LEFIGARO\" rel=\"nofollow noopener\" target=\"_blank\">1-0 face \u00e0 Osasuna<\/a>\u00a0mardi en cl\u00f4ture de la premi\u00e8re journ\u00e9e gr\u00e2ce \u00e0 un penalty qu\u2019il a lui-m\u00eame obtenu. Il s\u2019est \u00e9galement distingu\u00e9 en \u00e9tant hyperactif sur le front de l\u2019attaque Merengue, ce que n\u2019a pas manqu\u00e9 de souligner la presse espagnole ce mercredi matin.<\/p>\n<p class=\"fig-paragraph\">\u00abDevant, tout s\u2019est jou\u00e9 gr\u00e2ce \u00e0 la magie de Mbapp\u00e9, dans sa forme galactique extr\u00eame. Il a cr\u00e9\u00e9 et marqu\u00e9 un penalty et a \u00e9t\u00e9 le seul \u00e0 pouvoir surmonter toutes les barri\u00e8res dress\u00e9es par l\u2019\u00e9quipe de Lisci\u00bb, va m\u00eame jusqu\u2019\u00e0 s\u2019emballer le quotidien pro madril\u00e8ne AS, qui titre \u00abMbapp\u00e9 commande d\u00e9j\u00e0\u00bb, avant de nuancer son propos\u00a0: \u00abMbapp\u00e9 a \u00e9t\u00e9 le symbole d\u2019<a href=\"http:\/\/www.lefigaro.fr\/sports\/football\/espagne\/real-madrid-osasuna-kylian-mbappe-buteur-les-recrues-deja-dans-le-ton-bretones-frustre-les-tops-et-les-flops-20250819\" data-fig-type=\"NewsFlash\" data-gtm-custom-categorie=\"navigation\" data-gtm-custom-action=\"crossclick\" data-gtm-custom-label=\"Contextuel\" data-gtm-event=\"customEventSPE\" data-fig-domain=\"LEFIGARO\" rel=\"nofollow noopener\" target=\"_blank\">une performance madril\u00e8ne excessivement orthodoxe<\/a> \u00a0: extr\u00eamement organis\u00e9e en d\u00e9fense, tr\u00e8s discrete en attaque.\u00bb<\/p>\n<p>                                    <a class=\"fig-a11y-skip a11y-hidden\" href=\"#fig-a11y-skip-main-inarticle\"><br \/>\n        Passer la publicit\u00e9<br \/>\n    <\/a><\/p>\n<p class=\"fig-paragraph\">Du c\u00f4t\u00e9 de Marca \u00e9galement, on souligne que \u00able Fran\u00e7ais \u00e9tait d\u2019un autre niveau\u00bb \u00e0 Santiago Bernabeu mardi soir, alors qu\u2019il a enfin pu b\u00e9n\u00e9ficier d\u2019<a href=\"http:\/\/www.lefigaro.fr\/sports\/football\/mbappe-se-met-au-basket-et-au-padel-vinicius-avec-camavinga-les-vacances-des-stars-du-real-madrid-20250723\" data-fig-type=\"NewsFlash\" data-gtm-custom-categorie=\"navigation\" data-gtm-custom-action=\"crossclick\" data-gtm-custom-label=\"Contextuel\" data-gtm-event=\"customEventSPE\" data-fig-domain=\"LEFIGARO\" rel=\"nofollow noopener\" target=\"_blank\">une pr\u00e9paration optimale avant le d\u00e9but de saison<\/a>. Une premi\u00e8re qui \u00abb\u00e9nit les d\u00e9buts de Xabi Alonso\u00bb en Liga, toujours selon le journal. Le technicien basque, pass\u00e9 par le Real Madrid entre 2009 et 2014, a \u00e9t\u00e9 satisfait du rendement de son attaquant star et\u00a0<a href=\"http:\/\/www.lefigaro.fr\/sports\/football\/mbappe-numero-10-du-real-madrid-puskas-modric-figo-en-images-ces-legendes-qui-ont-marque-l-histoire-20250730\" data-fig-type=\"NewsFlash\" data-gtm-custom-categorie=\"navigation\" data-gtm-custom-action=\"crossclick\" data-gtm-custom-label=\"Contextuel\" data-gtm-event=\"customEventSPE\" data-fig-domain=\"LEFIGARO\" rel=\"nofollow noopener\" target=\"_blank\">nouveau n\u00b010 du club<\/a>\u00a0apr\u00e8s le d\u00e9part de Luka Modric pour l\u2019AC Milan.<\/p>\n<p>Une performance collective inaboutie<\/p>\n<p class=\"fig-paragraph\"><a href=\"http:\/\/www.lefigaro.fr\/sports\/football\/espagne\/liga-mbappe-veut-encore-faire-plus-et-inspirer-ses-coequipiers-au-real-madrid-se-felicite-xabi-alonso-20250820\" data-fig-type=\"NewsFlash\" data-gtm-custom-categorie=\"navigation\" data-gtm-custom-action=\"crossclick\" data-gtm-custom-label=\"Contextuel\" data-gtm-event=\"customEventSPE\" data-fig-domain=\"LEFIGARO\" rel=\"nofollow noopener\" target=\"_blank\">\u00abJe sens qu\u2019il en veut plus<\/a> , \u00e7a se voit le jour J. Je ne sais pas si c\u2019est \u00e0 cause du 10, mais \u00e7a se voit\u00bb, a-t-il per\u00e7u apr\u00e8s la rencontre. Marca va m\u00eame plus loin en affirmant que l\u2019arriv\u00e9e d\u2019Alonso \u00aba permis de retrouver la version redoutable de Mbapp\u00e9 qui le rendait incontr\u00f4lable pour ses rivaux.\u00bb Un point de vue loin d\u2019\u00eatre partag\u00e9 par Mundo Deportivo, qui pointe un Real Madrid \u00abterne\u00bb et \u00abd\u00e9cevant\u00bb avec \u00abun num\u00e9ro neuf inexistant\u00bb face \u00e0 une \u00e9quipe de Navarre compacte et organis\u00e9e d\u00e9fensivement.<\/p>\n<p class=\"fig-paragraph\">Bien qu\u2019anecdotique, Kylian Mbapp\u00e9 s\u2019est offert un record\u00a0: celui du nombre de dribbles r\u00e9ussis. Vinicius en avait r\u00e9ussi 7 dans un match l\u2019an dernier, le Bondynois est mont\u00e9 \u00e0 8 mardi (sur 12 tent\u00e9s). \u00abSans alli\u00e9s autour de lui, les \u00e9lans du Fran\u00e7ais sont rest\u00e9s sporadiques au milieu de la stagnation\u00bb, a tout de m\u00eame tenu \u00e0 pr\u00e9ciser le quotidien national El Pais. Une prestation collective plus aboutie est attendue dimanche prochain face au\u00a0<a href=\"http:\/\/www.lefigaro.fr\/sports\/football\/espagne\/foot-villarreal-rend-hommage-a-son-ancien-joueur-santi-cazorla-pour-son-retour-en-liga-20250816\" data-fig-type=\"NewsFlash\" data-gtm-custom-categorie=\"navigation\" data-gtm-custom-action=\"crossclick\" data-gtm-custom-label=\"Contextuel\" data-gtm-event=\"customEventSPE\" data-fig-domain=\"LEFIGARO\" rel=\"nofollow noopener\" target=\"_blank\">Real Oviedo<\/a>, r\u00e9cemment promu.<\/p>\n","protected":false},"excerpt":{"rendered":"REVUE DE PRESSE &#8211; Unique buteur face \u00e0 Osasuna mardi, Kylian Mbapp\u00e9 a permis \u00e0 son \u00e9quipe de&hellip;\n","protected":false},"author":2,"featured_media":331267,"comment_status":"","ping_status":"","sticky":false,"template":"","format":"standard","meta":{"footnotes":""},"categories":[1412],"tags":[1451,1452,1453,1454,1455,1011,27,6477,453,4790,60],"class_list":{"0":"post-331266","1":"post","2":"type-post","3":"status-publish","4":"format-standard","5":"has-post-thumbnail","7":"category-f1","8":"tag-f1","9":"tag-formula-1","10":"tag-formula1","11":"tag-formule-1","12":"tag-formule1","13":"tag-fr","14":"tag-france","15":"tag-kylian-mbappe","16":"tag-liga","17":"tag-real-madrid","18":"tag-sports"},"share_on_mastodon":{"url":"https:\/\/pubeurope.com\/@fr\/115060416374444115","error":""},"_links":{"self":[{"href":"https:\/\/www.europesays.com\/fr\/wp-json\/wp\/v2\/posts\/331266","targetHints":{"allow":["GET"]}}],"collection":[{"href":"https:\/\/www.europesays.com\/fr\/wp-json\/wp\/v2\/posts"}],"about":[{"href":"https:\/\/www.europesays.com\/fr\/wp-json\/wp\/v2\/types\/post"}],"author":[{"embeddable":true,"href":"https:\/\/www.europesays.com\/fr\/wp-json\/wp\/v2\/users\/2"}],"replies":[{"embeddable":true,"href":"https:\/\/www.europesays.com\/fr\/wp-json\/wp\/v2\/comments?post=331266"}],"version-history":[{"count":0,"href":"https:\/\/www.europesays.com\/fr\/wp-json\/wp\/v2\/posts\/331266\/revisions"}],"wp:featuredmedia":[{"embeddable":true,"href":"https:\/\/www.europesays.com\/fr\/wp-json\/wp\/v2\/media\/331267"}],"wp:attachment":[{"href":"https:\/\/www.europesays.com\/fr\/wp-json\/wp\/v2\/media?parent=331266"}],"wp:term":[{"taxonomy":"category","embeddable":true,"href":"https:\/\/www.europesays.com\/fr\/wp-json\/wp\/v2\/categories?post=331266"},{"taxonomy":"post_tag","embeddable":true,"href":"https:\/\/www.europesays.com\/fr\/wp-json\/wp\/v2\/tags?post=331266"}],"curies":[{"name":"wp","href":"https:\/\/api.w.org\/{rel}","templated":true}]}}