{"id":331270,"date":"2025-08-20T09:37:12","date_gmt":"2025-08-20T09:37:12","guid":{"rendered":"https:\/\/www.europesays.com\/fr\/331270\/"},"modified":"2025-08-20T09:37:12","modified_gmt":"2025-08-20T09:37:12","slug":"des-revenus-derisoires-en-fin-de-saison-pour-les-clubs-de-ligue-1","status":"publish","type":"post","link":"https:\/\/www.europesays.com\/fr\/331270\/","title":{"rendered":"des revenus d\u00e9risoires en fin de saison pour les clubs de Ligue 1 ?"},"content":{"rendered":"<p>Zapping Foot National Coupe de France : Calais, Quevilly, El-Biar, &#8230; les plus grands exploits de la comp\u00e9tition<\/p>\n<p>Un dossier sur\u00e9valu\u00e9 par Vincent Labrune et la Ligue de Football Professionnel (LFP) ces derni\u00e8res ann\u00e9es, qui ont abouti \u00e0 \u00e7a : une chute vertigineuse. Cette saison, l\u2019\u00e9lite fran\u00e7aise est retransmise \u00e0 hauteur de huit matchs sur neuf par Ligue 1+, la nouvelle plateforme lanc\u00e9e par la LFP. Le dernier match appartenant \u00e0 beIN Sports (samedi apr\u00e8s-midi). De quoi drastiquement baisser les revenus li\u00e9s aux droits t\u00e9l\u00e9vis\u00e9s pour les clubs de Ligue 1.\u00a0<\/p>\n<p>Le champion touchera moins que le rel\u00e9gu\u00e9 de la saison pass\u00e9e<\/p>\n<p>Nos confr\u00e8res de L\u2019\u00c9quipe ont pu mettre la main sur le \u00ab\u00a0guide de r\u00e9partition initial des droits audiovisuels et de l&rsquo;indemnit\u00e9 de r\u00e9siliation de DAZN Ligue\u00a01 saison 2025-2026\u00a0\u00bb. D\u2019apr\u00e8s le quotidien sportif, les clubs fran\u00e7ais se partageront, apr\u00e8s d\u00e9duction de diff\u00e9rentes charges, du pourcentage vers\u00e9 \u00e0 CVC et de l&rsquo;aide aux rel\u00e9gu\u00e9s en Ligue\u00a02, la somme de 80,5 millions d\u2019euros sur l\u2019ensemble de l\u2019exercice qui a d\u00e9marr\u00e9 vendredi dernier.\u00a0<\/p>\n<p>Le champion de Ligue 1 de la saison 2025-2026 percevra ainsi un montant inf\u00e9rieur \u00e0 celui touch\u00e9 par Montpellier l\u2019ann\u00e9e derni\u00e8re : environ 5,18\u00a0M\u20ac selon le guide de r\u00e9partition provisoire distribu\u00e9 il y a un an. Une chute XXL donc pour les clubs tricolores. Et ce, malgr\u00e9 les quelques 600 000 abonn\u00e9s \u00e0 la cha\u00eene 100% Ligue 1 annonc\u00e9s par Nicolas De Tavernost, directeur g\u00e9n\u00e9ral de LFP M\u00e9dia ce lundi dans un entretien accord\u00e9 au Parisien. Bien loin \u00e9galement des 120M\u20ac annonc\u00e9s par le dirigeant ces derni\u00e8res heures lors de son interview. \u00a0<\/p>\n<p>Partagez cette info avec vos amis et vos proches en cliquant ici<br \/>Pour r\u00e9sumer<\/p>\n<p>Un dossier sur\u00e9valu\u00e9 par Vincent Labrune et la Ligue de Football Professionnel (LFP) ces derni\u00e8res ann\u00e9es, qui ont abouti \u00e0 \u00e7a : une chute vertigineuse. Cette saison, l\u2019\u00e9lite fran\u00e7aise est retransmise \u00e0 hauteur de huit matchs sur neuf par Ligue 1+, la nouvelle plateforme lanc\u00e9e par la LFP.<\/p>\n<p> <img decoding=\"async\" width=\"76\" height=\"76\" loading=\"lazy\" src=\"https:\/\/static.wui.fr\/images_v3\/avatar-footnational.png\" alt=\"Youcef Ghalaza-Boudra\"\/><\/p>\n","protected":false},"excerpt":{"rendered":"Zapping Foot National Coupe de France : Calais, Quevilly, El-Biar, &#8230; les plus grands exploits de la comp\u00e9tition&hellip;\n","protected":false},"author":2,"featured_media":331271,"comment_status":"","ping_status":"","sticky":false,"template":"","format":"standard","meta":{"footnotes":""},"categories":[1410],"tags":[63,1011,27,60],"class_list":{"0":"post-331270","1":"post","2":"type-post","3":"status-publish","4":"format-standard","5":"has-post-thumbnail","7":"category-football","8":"tag-football","9":"tag-fr","10":"tag-france","11":"tag-sports"},"share_on_mastodon":{"url":"https:\/\/pubeurope.com\/@fr\/115060424806898314","error":""},"_links":{"self":[{"href":"https:\/\/www.europesays.com\/fr\/wp-json\/wp\/v2\/posts\/331270","targetHints":{"allow":["GET"]}}],"collection":[{"href":"https:\/\/www.europesays.com\/fr\/wp-json\/wp\/v2\/posts"}],"about":[{"href":"https:\/\/www.europesays.com\/fr\/wp-json\/wp\/v2\/types\/post"}],"author":[{"embeddable":true,"href":"https:\/\/www.europesays.com\/fr\/wp-json\/wp\/v2\/users\/2"}],"replies":[{"embeddable":true,"href":"https:\/\/www.europesays.com\/fr\/wp-json\/wp\/v2\/comments?post=331270"}],"version-history":[{"count":0,"href":"https:\/\/www.europesays.com\/fr\/wp-json\/wp\/v2\/posts\/331270\/revisions"}],"wp:featuredmedia":[{"embeddable":true,"href":"https:\/\/www.europesays.com\/fr\/wp-json\/wp\/v2\/media\/331271"}],"wp:attachment":[{"href":"https:\/\/www.europesays.com\/fr\/wp-json\/wp\/v2\/media?parent=331270"}],"wp:term":[{"taxonomy":"category","embeddable":true,"href":"https:\/\/www.europesays.com\/fr\/wp-json\/wp\/v2\/categories?post=331270"},{"taxonomy":"post_tag","embeddable":true,"href":"https:\/\/www.europesays.com\/fr\/wp-json\/wp\/v2\/tags?post=331270"}],"curies":[{"name":"wp","href":"https:\/\/api.w.org\/{rel}","templated":true}]}}