{"id":331274,"date":"2025-08-20T09:39:22","date_gmt":"2025-08-20T09:39:22","guid":{"rendered":"https:\/\/www.europesays.com\/fr\/331274\/"},"modified":"2025-08-20T09:39:22","modified_gmt":"2025-08-20T09:39:22","slug":"le-noir-est-il-une-couleur","status":"publish","type":"post","link":"https:\/\/www.europesays.com\/fr\/331274\/","title":{"rendered":"Le noir est-il une couleur ?"},"content":{"rendered":"<p class=\"editor-content__paragraph\">Voyons d\u2019abord ce que dit la science. Du point de vue physique, la couleur r\u00e9sulte de la lumi\u00e8re r\u00e9fl\u00e9chie par un objet. Le <strong>noir<\/strong>, lui, <strong>absorbe pratiquement toute la lumi\u00e8re<\/strong> et ne renvoie rien ou presque vers notre \u0153il\u00a0: il \u00ab\u00a0n\u2019a <strong>pas de longueur d\u2019onde\u00a0\u00bb propre<\/strong>. Pas de noir dans un arc-en-ciel\u00a0!<\/p>\n<p class=\"editor-content__paragraph\">En ce sens, le noir serait l\u2019absence de lumi\u00e8re, donc <strong>l\u2019absence de couleur<\/strong>\u2026 \u00c0 l\u2019autre bout du spectre, <strong> le blanc<\/strong> est l\u2019addition de toutes les longueurs d\u2019onde.<\/p>\n<p>Un phare pour l\u2019art moderne<\/p>\n<p class=\"editor-content__paragraph\">Cette rigueur scientifique se heurte \u00e0 une autre r\u00e9alit\u00e9\u00a0: l\u2019art\u00a0! Dans les ateliers, et dans le langage courant des artistes, il est <strong>un essentiel<\/strong>. Le noir est utilis\u00e9 dans les arts d\u00e8s la Pr\u00e9histoire, \u00e0 partir de <strong>pigments comme le charbon, la fum\u00e9e<\/strong>, les noix\u2026 Mais les pigments noirs \u00e9tant instables et se d\u00e9gradant facilement, ils sont<strong> assez peu utilis\u00e9s jusqu\u2019au XIVe si\u00e8cle<\/strong>, sauf \u00e0 cr\u00e9er des ombres ou des contours.<\/p>\n<p>    <img loading=\"lazy\" decoding=\"async\" class=\"image__img\" src=\"https:\/\/www.europesays.com\/fr\/wp-content\/uploads\/2025\/08\/webmalevitch-carre-noir-fond-blanc--964x967.jpg\" alt=\"Kasimir Malevitch, Carr\u00e9 noir sur fond blanc\" width=\"964\" height=\"967\"\/><\/p>\n<p>Kasimir Malevitch, Carr\u00e9 noir sur fond blanc, 1915<\/p>\n<p>    i<\/p>\n<p class=\"legende__cartel\">Huile sur toile \u2022 79,5 \u00d7 79,5\u00a0cm \u2022 Coll. galerie d\u2019\u00c9tat Tr\u00e9tiakov, Moscou<\/p>\n<p class=\"editor-content__paragraph\">Au XXe si\u00e8cle, le noir fait sa r\u00e9volution. De <strong><a href=\"https:\/\/www.beauxarts.com\/grand-format\/kazimir-malevitch-en-2-minutes\/\" target=\"_blank\" rel=\"noopener nofollow\">Kasimir Mal\u00e9vitch<\/a><\/strong>, inventeur du <a href=\"https:\/\/www.beauxarts.com\/grand-format\/le-suprematisme-en-2-minutes\/\" target=\"_blank\" rel=\"noopener nofollow\">supr\u00e9matisme<\/a> avec son c\u00e9l\u00e8bre<strong>\u00a0Carr\u00e9 noir sur fond blanc<\/strong> (1915) \u00e0 Noir sur noir (1918) de son contemporain Alexandre Rodtchenko, il s\u2019impose comme <strong>une ic\u00f4ne de l\u2019<a href=\"https:\/\/www.beauxarts.com\/grand-format\/labstraction-en-2-minutes\/\" target=\"_blank\" rel=\"noopener nofollow\">abstraction<\/a><\/strong>.<\/p>\n<p class=\"editor-content__paragraph\">Un g\u00e9nie comme <a href=\"https:\/\/www.beauxarts.com\/encyclo\/henri-matisse-en-2-minutes\/\" target=\"_blank\" rel=\"noopener nofollow\">Henri Matisse<\/a> affirmait ainsi\u00a0: <strong>\u00ab\u00a0Le noir est une couleur\u00a0\u00bb<\/strong>. En d\u00e9cembre 1946, la <strong>galerie Maeght<\/strong> \u00e0 Paris affiche le m\u00eame discours dans une expo qui lui emprunte cette citation en rassemblant des \u0153uvres de <a href=\"https:\/\/www.beauxarts.com\/grand-format\/pierre-bonnard-en-2-minutes\/\" target=\"_blank\" rel=\"noopener nofollow\">Pierre Bonnard<\/a>, <a href=\"https:\/\/www.beauxarts.com\/grand-format\/georges-braque-en-2-minutes\/\" target=\"_blank\" rel=\"noopener nofollow\">Georges Braque<\/a>, Matisse, Georges Rouault \u2013 ce qui allait <strong>consacrer la perception du noir<\/strong> dans l\u2019art moderne. On pourrait multiplier les exemples qui ont fa\u00e7onn\u00e9 notre relation artistique au noir\u00a0; sans omettre <a href=\"https:\/\/www.beauxarts.com\/grand-format\/pierre-soulages-en-2-minutes\/\" target=\"_blank\" rel=\"noopener nofollow\"><strong>Pierre Soulages<\/strong><\/a>, virtuose de l\u2019\u00ab\u00a0outrenoir\u00a0\u00bb d\u00e8s 1979\u00a0et passeur de lumi\u00e8re noire\u2026<\/p>\n<p>        \u00c0 lire aussi :<br \/>\n        <a class=\"renvoi-explicite__link\" href=\"https:\/\/www.beauxarts.com\/expos\/pourquoi-les-artistes-sont-obsedes-par-le-noir\/\" rel=\"nofollow noopener\" target=\"_blank\">Pourquoi les artistes sont obs\u00e9d\u00e9s par le noir<\/a><\/p>\n<p>Comment voyons-nous le noir\u00a0?<\/p>\n<p>    <img loading=\"lazy\" decoding=\"async\" class=\"image__img\" src=\"https:\/\/www.europesays.com\/fr\/wp-content\/uploads\/2025\/08\/kapoor-hemis_pfnkx8-964x1283.jpg\" alt=\"Anish Kapoor, Descent Into Limbo\" width=\"964\" height=\"1283\"\/><\/p>\n<p>Anish Kapoor, Descent Into Limbo, 1992<\/p>\n<p>    i<\/p>\n<p class=\"legende__cartel\">\u00a9 Filipe Braga\/Fundacao de Serralves\/dpa picture alliance \/ Alamy \/ Hemis<\/p>\n<p class=\"editor-content__paragraph\">Que se passe-t-il concr\u00e8tement dans notre t\u00eate quand nous observons du noir\u00a0? Notre cerveau l\u2019interpr\u00e8te comme <strong>une qualit\u00e9 chromatique<\/strong>, tout autant que le rouge ou le bleu. Il fait m\u00eame d\u2019ailleurs partie des premi\u00e8res distinctions que fait la r\u00e9tine, encore immature, d\u2019un nourrisson. Dans l\u2019industrie, le design et la mode (du smoking Saint Laurent \u00e0 la petite robe Chanel), le noir \u2013<strong> synonyme d\u2019\u00e9l\u00e9gance et de sobri\u00e9t\u00e9<\/strong> \u2013 fait vendre. Le noir est donc un<strong> concentr\u00e9 de paradoxes<\/strong>\u00a0: absent dans le monde de la physique, il est une star culturelle dans le monde occidental et une mati\u00e8re pleine pour les artistes.<\/p>\n<p>        \u00c0 lire aussi :<br \/>\n        <a class=\"renvoi-explicite__link\" href=\"https:\/\/www.beauxarts.com\/grand-format\/ep-4-lincroyable-guerre-du-noir-le-plus-noir\/\" rel=\"nofollow noopener\" target=\"_blank\">L\u2019incroyable guerre du noir le plus noir<\/a><\/p>\n","protected":false},"excerpt":{"rendered":"Voyons d\u2019abord ce que dit la science. Du point de vue physique, la couleur r\u00e9sulte de la lumi\u00e8re&hellip;\n","protected":false},"author":2,"featured_media":331275,"comment_status":"","ping_status":"","sticky":false,"template":"","format":"standard","meta":{"footnotes":""},"categories":[1358],"tags":[1348,1384,1385,1386,58,59,1011,27],"class_list":{"0":"post-331274","1":"post","2":"type-post","3":"status-publish","4":"format-standard","5":"has-post-thumbnail","7":"category-arts-et-design","8":"tag-arts","9":"tag-arts-and-design","10":"tag-arts-et-design","11":"tag-design","12":"tag-divertissement","13":"tag-entertainment","14":"tag-fr","15":"tag-france"},"share_on_mastodon":{"url":"https:\/\/pubeurope.com\/@fr\/115060432490501845","error":""},"_links":{"self":[{"href":"https:\/\/www.europesays.com\/fr\/wp-json\/wp\/v2\/posts\/331274","targetHints":{"allow":["GET"]}}],"collection":[{"href":"https:\/\/www.europesays.com\/fr\/wp-json\/wp\/v2\/posts"}],"about":[{"href":"https:\/\/www.europesays.com\/fr\/wp-json\/wp\/v2\/types\/post"}],"author":[{"embeddable":true,"href":"https:\/\/www.europesays.com\/fr\/wp-json\/wp\/v2\/users\/2"}],"replies":[{"embeddable":true,"href":"https:\/\/www.europesays.com\/fr\/wp-json\/wp\/v2\/comments?post=331274"}],"version-history":[{"count":0,"href":"https:\/\/www.europesays.com\/fr\/wp-json\/wp\/v2\/posts\/331274\/revisions"}],"wp:featuredmedia":[{"embeddable":true,"href":"https:\/\/www.europesays.com\/fr\/wp-json\/wp\/v2\/media\/331275"}],"wp:attachment":[{"href":"https:\/\/www.europesays.com\/fr\/wp-json\/wp\/v2\/media?parent=331274"}],"wp:term":[{"taxonomy":"category","embeddable":true,"href":"https:\/\/www.europesays.com\/fr\/wp-json\/wp\/v2\/categories?post=331274"},{"taxonomy":"post_tag","embeddable":true,"href":"https:\/\/www.europesays.com\/fr\/wp-json\/wp\/v2\/tags?post=331274"}],"curies":[{"name":"wp","href":"https:\/\/api.w.org\/{rel}","templated":true}]}}