{"id":331278,"date":"2025-08-20T09:41:11","date_gmt":"2025-08-20T09:41:11","guid":{"rendered":"https:\/\/www.europesays.com\/fr\/331278\/"},"modified":"2025-08-20T09:41:11","modified_gmt":"2025-08-20T09:41:11","slug":"michael-youn-sera-joueur-et-tres-bon-enqueteur-dans-la-saison-8","status":"publish","type":"post","link":"https:\/\/www.europesays.com\/fr\/331278\/","title":{"rendered":"Micha\u00ebl Youn sera \u00ab\u00a0joueur et tr\u00e8s bon enqu\u00eateur\u00a0\u00bb dans la saison 8"},"content":{"rendered":"<p>Chevalier, lynx, agneau\u2026 Il va y avoir deux fois plus de d\u00e9masquage, en\u00a02025. Apr\u00e8s le <a href=\"https:\/\/www.20minutes.fr\/arts-stars\/television\/4160891-20250630-mask-singer-tf1-girafe-renouveau-confie-gagnante-lola-dubini\" target=\"_blank\" class=\"c-link c-link--is-underlined\" rel=\"noopener\">sacre de Lola Dubini<\/a> \u00e0 la fin du mois de juin, \u00ab\u00a0<a href=\"https:\/\/www.20minutes.fr\/arts-stars\/television\/mask-singer\/\" class=\"c-link c-link--is-underlined\" target=\"_blank\" rel=\"noopener\">Mask Singer<\/a>\u00a0\u00bb revient, le 12\u00a0septembre sur <a href=\"https:\/\/www.20minutes.fr\/dossier\/tf1\" class=\"c-link c-link--is-underlined\" target=\"_blank\" rel=\"noopener\">TF1<\/a>, pour une huiti\u00e8me saison pleine de nouveaut\u00e9s. La plus importante est l\u2019arriv\u00e9e de l\u2019acteur et r\u00e9alisateur <a href=\"https:\/\/www.20minutes.fr\/dossier\/michael_youn\" class=\"c-link c-link--is-underlined\" target=\"_blank\" rel=\"noopener\">Micha\u00ebl Youn<\/a>, qui remplacera \u00c9lodie Poux au sein du jury. Une recrue que \u00ab\u00a0<a href=\"https:\/\/www.20minutes.fr\/dossier\/20_minutes\" class=\"c-link c-link--is-underlined\" target=\"_blank\" rel=\"noopener\">20 Minutes<\/a>\u00a0\u00bb a rencontr\u00e9e avec l\u2019ensemble de l\u2019\u00e9quipe du jeu anim\u00e9 par <a href=\"https:\/\/www.20minutes.fr\/television\/camille-combal\/\" class=\"c-link c-link--is-underlined\" target=\"_blank\" rel=\"noopener\">Camille Combal<\/a>, histoire de lever un peu le masque sur une saison qui promet \u00e0 plus d\u2019un titre.<\/p>\n<p>\u00ab\u00a0Tr\u00e8s joueur et bon enqu\u00eateur\u00a0\u00bb<\/p>\n<p>\u00ab\u00a0Regardez-le, on dirait un t\u00e9moin de mariage\u00a0!\u00a0\u00bb, s\u2019exclame Camille Combal au moment de l\u2019entr\u00e9e de Micha\u00ebl Youn dans la salle de presse. La t\u00eate d\u2019affiche de la <a href=\"https:\/\/www.20minutes.fr\/arts-stars\/serie\/\" class=\"c-link c-link--is-underlined\" target=\"_blank\" rel=\"noopener\">s\u00e9rie<\/a> Flashback sur TF1 prend place aux c\u00f4t\u00e9s de ses nouveaux camarades du jury\u00a0: Chantal Ladesou, <a href=\"https:\/\/www.20minutes.fr\/arts-stars\/television\/laurent-ruquier\/\" class=\"c-link c-link--is-underlined\" target=\"_blank\" rel=\"noopener\">Laurent Ruquier<\/a> et <a href=\"https:\/\/www.20minutes.fr\/dossier\/kev_adams\" class=\"c-link c-link--is-underlined\" target=\"_blank\" rel=\"noopener\">Kev Adams<\/a>. \u00ab\u00a0Le premier prono d\u2019or est l\u2019\u0153uvre de Micha\u00ebl Youn, qui est tr\u00e8s joueur et bon enqu\u00eateur\u00a0\u00bb, assure d\u2019embl\u00e9e R\u00e9mi Faure, le directeur des programmes de flux de la Une. Il est extr\u00eamement disciplin\u00e9, il note tout.\u00a0\u00bb<\/p>\n<p>\u00ab\u00a0C\u2019est tr\u00e8s enthousiasmant, mais c\u2019est assez vertigineux, parce qu\u2019on essaie vraiment de trouver qui est sous le costume. On a aucune info\u00a0\u00bb, poursuit Micha\u00ebl Youn, qui n\u2019h\u00e9site pas \u00e0 faire le show. Dans un extrait propos\u00e9 du premier \u00e9pisode de la saison 8, \u00ab\u00a020 Minutes\u00a0\u00bb a pu voir l\u2019acteur (La Beuze, Les Onze Commandements, Fatal) monter sur la table des juges avant de faire le grand saut et de rejoindre le plateau. Il y a partag\u00e9 un moment \u00ab\u00a0culte\u00a0\u00bb avec l\u2019un des quinze candidats en lice dans cette nouvelle saison, au son de son tube Fous ta cagoule.<\/p>\n<p>Deux fois plus de Youn<\/p>\n<p>L\u2019ancien trublion du \u00ab\u00a0Morning Live\u00a0\u00bb sur <a href=\"https:\/\/www.20minutes.fr\/dossier\/m6\" class=\"c-link c-link--is-underlined\" target=\"_blank\" rel=\"noopener\">M6<\/a>, entre\u00a02000 et\u00a02002, est-il pr\u00eat \u00e0 tout pour retourner le plateau\u00a0? \u00ab\u00a0Je n\u2019ai pas r\u00e9fl\u00e9chi \u00e0 ce que j\u2019allais faire, ni m\u00eame si j\u2019allais \u00a0\u00bbemmerder\u00a0\u00bb le fil de l\u2019\u00e9mission\u00a0\u00bb, s\u2019amuse Micha\u00ebl Youn, qui a reconnu ne pas \u00eatre un fid\u00e8le du programme phare de la Une. \u00ab\u00a0Notre \u00e2me d\u2019enfant revient avec \u00a0\u00bbMask Singer\u00a0\u00bb\u00a0\u00bb, conc\u00e8de le com\u00e9dien.<\/p>\n<p>Ce dernier remplacera l\u2019humoriste \u00c9lodie Poux. \u00ab\u00a0Micha\u00ebl Youn, c\u2019est une id\u00e9e qu\u2019on avait en t\u00eate depuis un moment. Lui, avec Kev, Chantal et Laurent, c\u2019est un gala d\u2019humour sur l\u2019\u00e9mission, se f\u00e9licite R\u00e9mi Faure. Il y a un esprit de comp\u00e9tition entre eux et ils se charrient.\u00a0\u00bb A noter enfin que l\u2019acteur prendra la place de Laurent Ruquier dans \u00ab\u00a0Mask Singer, l\u2019enqu\u00eate continue\u00a0\u00bb. Il m\u00e8nera l\u2019interview du ou des d\u00e9masqu\u00e9s de chaque prime. \u00ab\u00a0Camille [Combal] et moi, on est tr\u00e8s contents de l\u2019avoir fait, assure Laurent Ruquier. C\u2019est pas mal aussi d\u2019avoir un regard neuf sur cet exercice.\u00a0\u00bb<\/p>\n<p>Super Mask, l\u2019autre nouveaut\u00e9<\/p>\n<p>Parmi les nouveaut\u00e9s de la huiti\u00e8me saison, des th\u00e8mes seront associ\u00e9s \u00e0 chaque soir\u00e9e (\u00ab <a href=\"https:\/\/www.20minutes.fr\/dossier\/chanson\" class=\"c-link c-link--is-underlined\" target=\"_blank\" rel=\"noopener\">Chanson<\/a> fran\u00e7aise\u00a0\u00bb, \u00ab\u00a0<a href=\"https:\/\/www.20minutes.fr\/dossier\/hollywood\" class=\"c-link c-link--is-underlined\" target=\"_blank\" rel=\"noopener\">Hollywood<\/a>\u00a0\u00bb, \u00ab\u00a0Frisson\u00a0\u00bb\u2026) avec une mise en sc\u00e8ne spectaculaire qui ne comprend pas moins de trente-cinq danseuses et danseurs.<\/p>\n<p>Aussi, et comme le public aimerait parfois \u00eatre une petite souris pour d\u00e9nicher des indices, les \u00e9quipes de \u00ab\u00a0Mask Singer\u00a0\u00bb vont mettre en avant Super Mask. Une fois au cours de la saison, chaque enqu\u00eateur pourra appuyer sur un buzzer pour faire appel \u00e0 la maligne petite souris, qui d\u00e9tient un gros indice. Ce dernier ne sera connu que de l\u2019enqu\u00eateur qui l\u2019a sollicit\u00e9 et des t\u00e9l\u00e9spectateurs. Super Mask sera aussi pr\u00e9sente sur les <a href=\"https:\/\/www.20minutes.fr\/dossier\/reseaux_sociaux\" class=\"c-link c-link--is-underlined\" target=\"_blank\" rel=\"noopener\">r\u00e9seaux sociaux<\/a> pour distiller d\u2019autres informations au public sur les candidats masqu\u00e9s. TF1 mise sur une plus grande interactivit\u00e9, afin de conforter les belles audiences enregistr\u00e9es lors de la saison pr\u00e9c\u00e9dente.<\/p>\n<p>Une \u00e9dition \u00ab\u00a0pas pr\u00e9vue\u00a0\u00bb<\/p>\n<p>Une saison qui se termine avant l\u2019\u00e9t\u00e9 et une autre qui commence dans la foul\u00e9e de la rentr\u00e9e, \u00ab\u00a0ce n\u2019\u00e9tait pas pr\u00e9vu, a assur\u00e9 R\u00e9mi Faure. On \u00e9tait tellement contents de la derni\u00e8re saison qu\u2019on a rappel\u00e9 tout le monde pour un tournage jusqu\u2019\u00e0 la fin juillet. Les plan\u00e8tes se sont bien align\u00e9es.\u00a0\u00bb Le directeur des programmes de flux de TF1 a de quoi se frotter les mains puisque le succ\u00e8s du jeu anim\u00e9 par Camille Combal est \u00e9clatant (54\u00a0% de part d\u2019audiences sur les enfants et 39\u00a0% sur la responsable des achats de moins de 50 ans lors de la septi\u00e8me saison). \u00ab\u00a0Je devais monter le Mont-Blanc, et ce n\u2019est pas une blague\u00a0\u00bb, confie Camille Combal, en short pour l\u2019occasion.<\/p>\n<\/p>\n<p>\u00ab\u00a0Le plus gros d\u00e9fi a \u00e9t\u00e9 de renouveler les costumes\u00a0\u00bb, a soulign\u00e9 pour sa part Anthony Meunier. Le producteur de \u00ab\u00a0Mask Singer\u00a0\u00bb a assur\u00e9 avoir \u00e9t\u00e9 serein lors de la composition du casting des personnalit\u00e9s participantes au show. \u00ab\u00a0C\u2019est de plus en plus facile chaque ann\u00e9e, se r\u00e9jouit-il. \u00c7a a \u00e9t\u00e9 vite. La moiti\u00e9 du casting bat des records dans leurs domaines.\u00a0\u00bb Enfin, pour cette saison 8, R\u00e9mi Faure promet du \u00ab\u00a0jamais vu\u00a0\u00bb, notamment dans le dispositif pour perturber l\u2019enqu\u00eate des jur\u00e9s. The show must go on.<\/p>\n","protected":false},"excerpt":{"rendered":"Chevalier, lynx, agneau\u2026 Il va y avoir deux fois plus de d\u00e9masquage, en\u00a02025. Apr\u00e8s le sacre de Lola&hellip;\n","protected":false},"author":2,"featured_media":331279,"comment_status":"","ping_status":"","sticky":false,"template":"","format":"standard","meta":{"footnotes":""},"categories":[1356],"tags":[193,13148,58,59,1011,27,330,6787,1759,1393,494,5983,1313,252,199,1364],"class_list":{"0":"post-331278","1":"post","2":"type-post","3":"status-publish","4":"format-standard","5":"has-post-thumbnail","7":"category-television","8":"tag-camille-combal","9":"tag-deguisement","10":"tag-divertissement","11":"tag-entertainment","12":"tag-fr","13":"tag-france","14":"tag-jeux","15":"tag-kev-adams","16":"tag-laurent-ruquier","17":"tag-loisirs","18":"tag-m6","19":"tag-mask-singer","20":"tag-michael-youn","21":"tag-television","22":"tag-tf1","23":"tag-tv"},"share_on_mastodon":{"url":"https:\/\/pubeurope.com\/@fr\/115060440034794374","error":""},"_links":{"self":[{"href":"https:\/\/www.europesays.com\/fr\/wp-json\/wp\/v2\/posts\/331278","targetHints":{"allow":["GET"]}}],"collection":[{"href":"https:\/\/www.europesays.com\/fr\/wp-json\/wp\/v2\/posts"}],"about":[{"href":"https:\/\/www.europesays.com\/fr\/wp-json\/wp\/v2\/types\/post"}],"author":[{"embeddable":true,"href":"https:\/\/www.europesays.com\/fr\/wp-json\/wp\/v2\/users\/2"}],"replies":[{"embeddable":true,"href":"https:\/\/www.europesays.com\/fr\/wp-json\/wp\/v2\/comments?post=331278"}],"version-history":[{"count":0,"href":"https:\/\/www.europesays.com\/fr\/wp-json\/wp\/v2\/posts\/331278\/revisions"}],"wp:featuredmedia":[{"embeddable":true,"href":"https:\/\/www.europesays.com\/fr\/wp-json\/wp\/v2\/media\/331279"}],"wp:attachment":[{"href":"https:\/\/www.europesays.com\/fr\/wp-json\/wp\/v2\/media?parent=331278"}],"wp:term":[{"taxonomy":"category","embeddable":true,"href":"https:\/\/www.europesays.com\/fr\/wp-json\/wp\/v2\/categories?post=331278"},{"taxonomy":"post_tag","embeddable":true,"href":"https:\/\/www.europesays.com\/fr\/wp-json\/wp\/v2\/tags?post=331278"}],"curies":[{"name":"wp","href":"https:\/\/api.w.org\/{rel}","templated":true}]}}