{"id":331280,"date":"2025-08-20T09:42:16","date_gmt":"2025-08-20T09:42:16","guid":{"rendered":"https:\/\/www.europesays.com\/fr\/331280\/"},"modified":"2025-08-20T09:42:16","modified_gmt":"2025-08-20T09:42:16","slug":"en-body-paillete-taylor-swift-ose-une-pochette-dalbum-ultra-provocante-et-signe-un-virage-sexy-qui-divise-ses-fans","status":"publish","type":"post","link":"https:\/\/www.europesays.com\/fr\/331280\/","title":{"rendered":"En body paillet\u00e9, Taylor Swift ose une pochette d\u2019album ultra-provocante et signe un virage sexy qui divise ses fans"},"content":{"rendered":"<p><strong>Taylor Swift<\/strong> a cr\u00e9\u00e9 la surprise en participant \u00e0 New Heights, le podcast d\u00e9di\u00e9 au sport que son ch\u00e9ri, Travis Kelce, star du football am\u00e9ricain, anime avec son grand fr\u00e8re Kevin. O\u00f9 elle en a profit\u00e9 pour annoncer, le 12 ao\u00fbt dernier, \u00e0 12h12, la sortie prochaine de ce qui sera son douzi\u00e8me album, The Life of a Showgirl, qui comptera 12 titres (et que les fans de la chanteuse pourront d\u00e9couvrir le 3 octobre).<\/p>\n<p>Taylor Swift change de style<\/p>\n<p>Et elle semble nous promettre un changement de style assez radical, \u00e0 en juger par les photos promotionnelles r\u00e9alis\u00e9es par le duo de photographes <strong>Mert Alas et Marcus Piggott<\/strong> pour accompagner cet opus. Tr\u00e8s \u00ab\u00a0razzle dazzle\u00a0\u00bb, comme on dit dans le milieu du spectacle. Taylor, 35 ans, a aussi \u00e9tonn\u00e9 ses fans (mais pas que) en d\u00e9voilant une photo encore plus sp\u00e9ciale visant \u00e0 promouvoir l&rsquo;\u00e9dition collector vinyle \u00ab\u00a0Shiny Bug\u00a0\u00bb de l&rsquo;album &#8211; disponible sur son site web pendant seulement 48 heures (mais sold out en un rien de temps). Sur ce clich\u00e9, audacieux, on peut voir Taylor les mains appuy\u00e9es sur un mur vert p\u00e2le, portant une tenue scintillante de showgirl (body, gants longs, collants r\u00e9sille), et, surtout, prenant une pose sensuelle : la chanteuse cambre le dos et met en valeur son <strong>post\u00e9rieur<\/strong>. Eh non, on ne l&rsquo;avait jamais vue comme \u00e7a !<\/p>\n<p>Une pochette de vinyle d\u00e9tourn\u00e9e<\/p>\n<p>De quoi d\u00e9concerter ses fans : si certains louent sa confiance et son sens artistique, d&rsquo;autres ne cachent pas leur surprise de la voir montrer (&#8230;)<\/p>\n<p><a href=\"https:\/\/www.grazia.fr\/people\/en-body-paillete-taylor-swift-ose-une-pochette-dalbum-ultra-provocante-et-signe-un-virage-sexy-qui-divise-ses-fans-1180379.html?utm_campaign=partenariat&amp;utm_source=yahoo-articles&amp;utm_medium=flux\" rel=\"nofollow noopener\" target=\"_blank\" data-ylk=\"slk:Lire la suite sur Grazia;elm:context_link;itc:0;sec:content-canvas\" class=\"link \">Lire la suite sur Grazia<\/a><\/p>\n<p><a href=\"https:\/\/www.grazia.fr\/beaute\/soins-visage-corps\/astuce-geniale-connaitre-pour-enlever-poil-visage-quand-pince-epiler-1179961.html?utm_campaign=partenariat&amp;utm_source=yahoo-articles&amp;utm_medium=flux\" rel=\"nofollow noopener\" target=\"_blank\" data-ylk=\"slk:L\u2019astuce g\u00e9niale \u00e0 conna\u00eetre pour enlever un poil du visage quand on n\u2019a pas de pince \u00e0 \u00e9piler;elm:context_link;itc:0;sec:content-canvas\" class=\"link \">L\u2019astuce g\u00e9niale \u00e0 conna\u00eetre pour enlever un poil du visage quand on n\u2019a pas de pince \u00e0 \u00e9piler<\/a><br \/><a href=\"https:\/\/www.grazia.fr\/people\/madonna-67-ans-et-follement-amoureuse-qui-est-akeem-morris-son-petit-ami-qui-lage-de-sa-fille-lourdes-1180414.html?utm_campaign=partenariat&amp;utm_source=yahoo-articles&amp;utm_medium=flux\" rel=\"nofollow noopener\" target=\"_blank\" data-ylk=\"slk:Madonna, 67 ans, et follement amoureuse, qui est Akeem Morris, son petit ami qui l&#039;\u00e2ge de sa fille Lourdes ?;elm:context_link;itc:0;sec:content-canvas\" class=\"link \">Madonna, 67 ans, et follement amoureuse, qui est Akeem Morris, son petit ami qui l&rsquo;\u00e2ge de sa fille Lourdes ?<\/a><br \/><a href=\"https:\/\/www.grazia.fr\/lifestyle\/psycho-sexo\/avec-ou-sans-pincettes-voici-le-texto-de-rupture-typique-de-chaque-signe-astrologique-selon-la-science-1180165.html?utm_campaign=partenariat&amp;utm_source=yahoo-articles&amp;utm_medium=flux\" rel=\"nofollow noopener\" target=\"_blank\" data-ylk=\"slk:Avec ou sans pincettes : voici le texto de rupture typique de chaque signe astrologique, selon la science;elm:context_link;itc:0;sec:content-canvas\" class=\"link \">Avec ou sans pincettes : voici le texto de rupture typique de chaque signe astrologique, selon la science<\/a><br \/><a href=\"https:\/\/www.grazia.fr\/mode\/tendances-mode\/cette-veste-iconique-des-annees-50-sera-la-star-de-la-rentree-2025-1180272.html?utm_campaign=partenariat&amp;utm_source=yahoo-articles&amp;utm_medium=flux\" rel=\"nofollow noopener\" target=\"_blank\" data-ylk=\"slk:Cette veste iconique des ann\u00e9es 50 sera la star de la rentr\u00e9e 2025;elm:context_link;itc:0;sec:content-canvas\" class=\"link \">Cette veste iconique des ann\u00e9es 50 sera la star de la rentr\u00e9e 2025<\/a><br \/><a href=\"https:\/\/www.grazia.fr\/mode\/tendances-mode\/cet-accessoire-de-papi-que-sarrachent-les-filles-stylees-est-lindispensable-de-cette-rentree-il-vous-le-faut-1180364.html?utm_campaign=partenariat&amp;utm_source=yahoo-articles&amp;utm_medium=flux\" rel=\"nofollow noopener\" target=\"_blank\" data-ylk=\"slk:Cet accessoire de papi que s&#039;arrachent les filles styl\u00e9es est l&#039;indispensable de cette rentr\u00e9e (il vous le faut);elm:context_link;itc:0;sec:content-canvas\" class=\"link \">Cet accessoire de papi que s&rsquo;arrachent les filles styl\u00e9es est l&rsquo;indispensable de cette rentr\u00e9e (il vous le faut)<\/a><\/p>\n","protected":false},"excerpt":{"rendered":"Taylor Swift a cr\u00e9\u00e9 la surprise en participant \u00e0 New Heights, le podcast d\u00e9di\u00e9 au sport que son&hellip;\n","protected":false},"author":2,"featured_media":331281,"comment_status":"","ping_status":"","sticky":false,"template":"","format":"standard","meta":{"footnotes":""},"categories":[1355],"tags":[58,59,1011,27,46867,1361,873,2713,45903],"class_list":{"0":"post-331280","1":"post","2":"type-post","3":"status-publish","4":"format-standard","5":"has-post-thumbnail","7":"category-musique","8":"tag-divertissement","9":"tag-entertainment","10":"tag-fr","11":"tag-france","12":"tag-marcus-piggott","13":"tag-music","14":"tag-musique","15":"tag-taylor-swift","16":"tag-travis-kelce"},"share_on_mastodon":{"url":"https:\/\/pubeurope.com\/@fr\/115060443940931328","error":""},"_links":{"self":[{"href":"https:\/\/www.europesays.com\/fr\/wp-json\/wp\/v2\/posts\/331280","targetHints":{"allow":["GET"]}}],"collection":[{"href":"https:\/\/www.europesays.com\/fr\/wp-json\/wp\/v2\/posts"}],"about":[{"href":"https:\/\/www.europesays.com\/fr\/wp-json\/wp\/v2\/types\/post"}],"author":[{"embeddable":true,"href":"https:\/\/www.europesays.com\/fr\/wp-json\/wp\/v2\/users\/2"}],"replies":[{"embeddable":true,"href":"https:\/\/www.europesays.com\/fr\/wp-json\/wp\/v2\/comments?post=331280"}],"version-history":[{"count":0,"href":"https:\/\/www.europesays.com\/fr\/wp-json\/wp\/v2\/posts\/331280\/revisions"}],"wp:featuredmedia":[{"embeddable":true,"href":"https:\/\/www.europesays.com\/fr\/wp-json\/wp\/v2\/media\/331281"}],"wp:attachment":[{"href":"https:\/\/www.europesays.com\/fr\/wp-json\/wp\/v2\/media?parent=331280"}],"wp:term":[{"taxonomy":"category","embeddable":true,"href":"https:\/\/www.europesays.com\/fr\/wp-json\/wp\/v2\/categories?post=331280"},{"taxonomy":"post_tag","embeddable":true,"href":"https:\/\/www.europesays.com\/fr\/wp-json\/wp\/v2\/tags?post=331280"}],"curies":[{"name":"wp","href":"https:\/\/api.w.org\/{rel}","templated":true}]}}