{"id":331282,"date":"2025-08-20T09:43:10","date_gmt":"2025-08-20T09:43:10","guid":{"rendered":"https:\/\/www.europesays.com\/fr\/331282\/"},"modified":"2025-08-20T09:43:10","modified_gmt":"2025-08-20T09:43:10","slug":"les-orphelins-un-film-daction-a-la-francaise-efficace-signe-olivier-schneider-rts-ch","status":"publish","type":"post","link":"https:\/\/www.europesays.com\/fr\/331282\/","title":{"rendered":"\u00ab\u00a0Les orphelins\u00a0\u00bb, un film d&rsquo;action \u00e0 la fran\u00e7aise efficace sign\u00e9 Olivier Schneider &#8211; rts.ch"},"content":{"rendered":"<p>L&rsquo;acteur, r\u00e9alisateur et chor\u00e9graphe de cascades Olivier Schneider sort ce mercredi 20 ao\u00fbt son deuxi\u00e8me long m\u00e9trage intitul\u00e9 \u00ab\u00a0Les orphelins\u00a0\u00bb. Un film d&rsquo;action \u00e0 la fran\u00e7aise qui rend hommage aux buddy movies des ann\u00e9es 1990 et m\u00eale suspense et \u00e9motion.<\/p>\n<p>Apr\u00e8s une carri\u00e8re prolifique dans les cascades pour de nombreuses productions fran\u00e7aises (\u00ab\u00a0De rouille et d&rsquo;os\u00a0\u00bb entre autres) et internationales (dont deux James Bond et un \u00ab\u00a0Fast and Furious\u00a0\u00bb), Olivier Schneider passe une deuxi\u00e8me fois \u00e0 la r\u00e9alisation avec \u00ab\u00a0Les orphelins\u00a0\u00bb. Un film qui m\u00eale action, \u00e9motion et suspense.<\/p>\n<p>L&rsquo;histoire suit deux anciens amis d&rsquo;enfance en orphelinat aux parcours oppos\u00e9s: Gab, devenu policier \u00e0 l&rsquo; Inspection g\u00e9n\u00e9rale de la police nationale (IGPN), et Driss, fixeur pour des voyous. Leur pass\u00e9 commun ressurgit lorsque Leila, la fille de leur premier amour Sophia et fille potentielle de l&rsquo;un des deux hommes, cherche \u00e0 se venger apr\u00e8s la mort accidentelle de sa m\u00e8re. S&rsquo;ensuit une course-poursuite haletante impliquant une femme d&rsquo;affaires puissante.<\/p>\n<p>Contenu externe<\/p>\n<p> Ce contenu externe ne peut pas \u00eatre affich\u00e9 car il est susceptible de collecter des donn\u00e9es personnelles. Pour voir ce contenu vous devez autoriser la cat\u00e9gorie <strong>R\u00e9seaux sociaux<\/strong>. <\/p>\n<p> Accepter Plus d&rsquo;info <\/p>\n<p>    Renouer avec un genre peu repr\u00e9sent\u00e9 dans le cin\u00e9ma fran\u00e7ais<\/p>\n<p>Pour Olivier Schneider, l&rsquo;intention du film \u00e9tait claire, comme il l&rsquo;explique dans l&rsquo;\u00e9mission Vertigo du 18 ao\u00fbt: \u00ab\u00a0La premi\u00e8re, c&rsquo;\u00e9tait de faire un buddy movie \u00e0 la fran\u00e7aise. Moi j&rsquo;ai \u00e9t\u00e9 berc\u00e9 par le cin\u00e9ma des ann\u00e9es 1990 et &lsquo;Les orphelins&rsquo; est un hommage aux films de ces ann\u00e9es-l\u00e0, comme &lsquo;L&rsquo;arme fatale&rsquo; ou &lsquo;Le dernier samaritain'\u00a0\u00bb.<\/p>\n<p>Le r\u00e9alisateur souhaitait renouer avec un genre peu repr\u00e9sent\u00e9 dans le cin\u00e9ma fran\u00e7ais actuel : \u00ab\u00a0C&rsquo;est le genre de film que je ne voyais plus en France, en tout cas au cin\u00e9ma. Donc merci \u00e0 Gaumont et \u00e0 nous aussi de l&rsquo;avoir fait parce qu&rsquo;un film d&rsquo;action aujourd&rsquo;hui en France, c&rsquo;est tr\u00e8s compliqu\u00e9 \u00e0 faire, c&rsquo;est tr\u00e8s dur et c&rsquo;est un gros pari.\u00a0\u00bb<\/p>\n<p> &gt;&gt; A \u00e9couter, l&rsquo;entretien avec Olivier Schneider \u00e0 propos de son film \u00ab\u00a0Les orphelins\u00a0\u00bb\u00a0:    L\u02b9invit\u00e9\u00a0: Olivier Schneider \u00a0\u00bb\u00a0Les orphelins\u00a0\u00a0\u00bb \/ Vertigo \/ 14 min. \/ lundi \u00e0 17:06 <\/p>\n<p>Le film met en sc\u00e8ne des sc\u00e8nes d&rsquo;action spectaculaires, \u00e0 commencer par une s\u00e9quence d&rsquo;ouverture impressionnante mettant en vedette le personnage de Leila, interpr\u00e9t\u00e9 par Sonia Faidi. Olivier Schneider explique avoir utilis\u00e9 la canne de combat fran\u00e7aise: \u00ab\u00a0C&rsquo;est quelque chose de tr\u00e8s visuel, en m\u00eame temps original et je trouvais que cela correspondait bien au personnage de Leila. C&rsquo;est tr\u00e8s esth\u00e9tique et en m\u00eame temps tr\u00e8s violent et tr\u00e8s efficace quand on sait s&rsquo;en servir.\u00a0\u00bb<\/p>\n<p>Impressionnante poursuite en voiture<\/p>\n<p>Les acteurs principaux, Alban Lenoir et Dali Benssalah, ont r\u00e9alis\u00e9 eux-m\u00eames la grande majorit\u00e9 de leurs cascades et sc\u00e8nes de combat. L&rsquo;une des s\u00e9quences les plus impressionnantes du film est une poursuite en voiture de sept minutes \u00e0 travers les rues de Biarritz. Cette sc\u00e8ne complexe a n\u00e9cessit\u00e9 deux semaines de tournage et a impliqu\u00e9 de nombreux d\u00e9fis techniques en devant r\u00e9unir des cascades physiques et m\u00e9caniques dans la m\u00eame s\u00e9quence.<\/p>\n<p>Le film a \u00e9t\u00e9 tourn\u00e9 en 52 jours et met \u00e9galement en vedette des acteurs chevronn\u00e9s comme Anouk Grinberg et Suzanne Cl\u00e9ment. Olivier Schneider souligne d&rsquo;ailleurs l&rsquo;aspect multig\u00e9n\u00e9rationnel du casting pour son long m\u00e9trage d&rsquo;action qui a pour ambition parler \u00e0 un large public en rendant hommage aux classiques du genre.<\/p>\n<p class=\"sources\">Propos recueillis par Anne Laure Gannac<\/p>\n<p class=\"credit\">Adaptation web: olhor<\/p>\n<p class=\"article-footnote\">\u00ab\u00a0Les orphelins\u00a0\u00bb d&rsquo;Olivier Schneider, avec Alban Lenoir, Dali Benssalah, Sonia Faidi, Anouk Grinberg et Suzanne Cl\u00e9ment. A voir dans les salles romandes d\u00e8s le 20 ao\u00fbt 2025.<\/p>\n","protected":false},"excerpt":{"rendered":"L&rsquo;acteur, r\u00e9alisateur et chor\u00e9graphe de cascades Olivier Schneider sort ce mercredi 20 ao\u00fbt son deuxi\u00e8me long m\u00e9trage intitul\u00e9&hellip;\n","protected":false},"author":2,"featured_media":331283,"comment_status":"","ping_status":"","sticky":false,"template":"","format":"standard","meta":{"footnotes":""},"categories":[1354],"tags":[253,1693,650,251,58,59,2081,1346,1011,27,4879,2456,1360,46868,46869],"class_list":{"0":"post-331282","1":"post","2":"type-post","3":"status-publish","4":"format-standard","5":"has-post-thumbnail","7":"category-films","8":"tag-acteur","9":"tag-arts-et-divertissement","10":"tag-cinema","11":"tag-culture","12":"tag-divertissement","13":"tag-entertainment","14":"tag-film","15":"tag-films","16":"tag-fr","17":"tag-france","18":"tag-hommage","19":"tag-long-metrage","20":"tag-movies","21":"tag-olivier-schneider","22":"tag-realisateur-q345580367"},"share_on_mastodon":{"url":"https:\/\/pubeurope.com\/@fr\/115060448061795969","error":""},"_links":{"self":[{"href":"https:\/\/www.europesays.com\/fr\/wp-json\/wp\/v2\/posts\/331282","targetHints":{"allow":["GET"]}}],"collection":[{"href":"https:\/\/www.europesays.com\/fr\/wp-json\/wp\/v2\/posts"}],"about":[{"href":"https:\/\/www.europesays.com\/fr\/wp-json\/wp\/v2\/types\/post"}],"author":[{"embeddable":true,"href":"https:\/\/www.europesays.com\/fr\/wp-json\/wp\/v2\/users\/2"}],"replies":[{"embeddable":true,"href":"https:\/\/www.europesays.com\/fr\/wp-json\/wp\/v2\/comments?post=331282"}],"version-history":[{"count":0,"href":"https:\/\/www.europesays.com\/fr\/wp-json\/wp\/v2\/posts\/331282\/revisions"}],"wp:featuredmedia":[{"embeddable":true,"href":"https:\/\/www.europesays.com\/fr\/wp-json\/wp\/v2\/media\/331283"}],"wp:attachment":[{"href":"https:\/\/www.europesays.com\/fr\/wp-json\/wp\/v2\/media?parent=331282"}],"wp:term":[{"taxonomy":"category","embeddable":true,"href":"https:\/\/www.europesays.com\/fr\/wp-json\/wp\/v2\/categories?post=331282"},{"taxonomy":"post_tag","embeddable":true,"href":"https:\/\/www.europesays.com\/fr\/wp-json\/wp\/v2\/tags?post=331282"}],"curies":[{"name":"wp","href":"https:\/\/api.w.org\/{rel}","templated":true}]}}