{"id":331292,"date":"2025-08-20T09:48:16","date_gmt":"2025-08-20T09:48:16","guid":{"rendered":"https:\/\/www.europesays.com\/fr\/331292\/"},"modified":"2025-08-20T09:48:16","modified_gmt":"2025-08-20T09:48:16","slug":"le-president-de-son-conseil-dadministration-depose-une-offre-de-reprise","status":"publish","type":"post","link":"https:\/\/www.europesays.com\/fr\/331292\/","title":{"rendered":"le pr\u00e9sident de son conseil d\u2019administration d\u00e9pose une offre de reprise"},"content":{"rendered":"<p>Pierre Bastid promet d\u2019injecter imm\u00e9diatement 1,3 million d\u2019euros dans le fabricant fran\u00e7ais de c\u0153urs artificiels, actuellement en redressement judiciaire. Cette offre doit \u00eatre examin\u00e9e par la justice le 30 septembre.<\/p>\n<p class=\"fig-paragraph\">Le fabricant fran\u00e7ais de c\u0153urs artificiels\u00a0<a href=\"http:\/\/www.lefigaro.fr\/societes\/le-pionnier-du-coeur-artificiel-carmat-se-declare-en-cessation-de-paiements-20250630\" target=\"_blank\" data-fig-type=\"NewsFlash\" rel=\"noopener\" data-gtm-custom-categorie=\"navigation\" data-gtm-custom-action=\"crossclick\" data-gtm-custom-label=\"Contextuel\" data-gtm-event=\"customEventSPE\" data-fig-domain=\"LEFIGARO\">Carmat<\/a>, en redressement judiciaire, a annonc\u00e9 ce mercredi avoir re\u00e7u une offre de reprise de la part du pr\u00e9sident de son conseil d&rsquo;administration, Pierre Bastid qui sera \u00e0 nouveau examin\u00e9e le 30 septembre par la justice. Carmat a \u00e9galement demand\u00e9 la reprise \u00e0 partir du 21 ao\u00fbt de\u00a0<a href=\"http:\/\/www.lefigaro.fr\/flash-eco\/carmat-annonce-la-suspension-de-son-cours-de-bourse-avant-l-examen-d-une-offre-de-reprise-20250814\" target=\"_blank\" data-fig-type=\"NewsFlash\" rel=\"noopener\" data-gtm-custom-categorie=\"navigation\" data-gtm-custom-action=\"crossclick\" data-gtm-custom-label=\"Contextuel\" data-gtm-event=\"customEventSPE\" data-fig-domain=\"LEFIGARO\">la cotation de son cours de Bourse suspendue<\/a>\u00a0depuis le 14 ao\u00fbt dans l&rsquo;attente d&rsquo;une audience devant le tribunal des affaires \u00e9conomiques de Versailles qui s&rsquo;est d\u00e9roul\u00e9e mardi. C&rsquo;est \u00e0 cette occasion que l&rsquo;offre de Pierre Bastid, pr\u00e9sident du conseil d&rsquo;administration depuis 2024 a \u00e9t\u00e9 d\u00e9pos\u00e9e.<\/p>\n<p class=\"fig-paragraph\">Au travers de la soci\u00e9t\u00e9 Hougou, Pierre Bastid, actionnaire \u00e0 hauteur d&rsquo;environ 17% de Carmat, doit \u00abapporter sans d\u00e9lai\u00bb \u00e0 l&rsquo;entreprise la somme de 1,3 million d&rsquo;euros, selon un communiqu\u00e9. \u00abCes fonds sont non remboursables et resteront donc acquis \u00e0 Carmat m\u00eame si in fine, l&rsquo;offre n&rsquo;aboutit pas\u00bb, a-t-on pr\u00e9cis\u00e9 de m\u00eame source. \u00c0 court d&rsquo;argent, la soci\u00e9t\u00e9 cr\u00e9\u00e9e en 2008 et entr\u00e9e en Bourse en 2010, insiste sur le fait qu&rsquo;il n&rsquo;y a \u00ab\u00e0 ce stade pas d&rsquo;assurance que l&rsquo;offre aboutisse\u00bb avec comme corollaire la liquidation de l&rsquo;entreprise et la cessation de ses activit\u00e9s.<\/p>\n<p>                                    <a class=\"fig-a11y-skip a11y-hidden\" href=\"#fig-a11y-skip-main-inarticle\"><br \/>\n        Passer la publicit\u00e9<br \/>\n    <\/a><\/p>\n<p>Campagne de dons<\/p>\n<p class=\"fig-paragraph\">Le concepteur du c\u0153ur Aeson, destin\u00e9 \u00e0 des malades souffrant d&rsquo;insuffisance cardiaque s\u00e9v\u00e8re dans l&rsquo;attente d&rsquo;un c\u0153ur humain disponible pour une transplantation, n&rsquo;avait pas r\u00e9ussi \u00e0 r\u00e9unir un compl\u00e9ment de tr\u00e9sorerie \u00abd&rsquo;au moins 3,5 millions d&rsquo;euros\u00bb d&rsquo;ici \u00e0 fin juin, malgr\u00e9 une campagne de dons lanc\u00e9e aupr\u00e8s des entreprises et des particuliers, ainsi que des d\u00e9marches aupr\u00e8s de la Banque europ\u00e9enne d&rsquo;investissement (BEI) et des pouvoirs publics.<\/p>\n<p class=\"fig-paragraph\">Fin d\u00e9cembre, elle avait rachet\u00e9 pour un euro symbolique deux millions de ses propres actions aupr\u00e8s du groupe Airbus, l&rsquo;un de ses actionnaires de longue date, pour rembourser partiellement un emprunt contract\u00e9 aupr\u00e8s de la BEI.<\/p>\n","protected":false},"excerpt":{"rendered":"Pierre Bastid promet d\u2019injecter imm\u00e9diatement 1,3 million d\u2019euros dans le fabricant fran\u00e7ais de c\u0153urs artificiels, actuellement en redressement&hellip;\n","protected":false},"author":2,"featured_media":331293,"comment_status":"","ping_status":"","sticky":false,"template":"","format":"standard","meta":{"footnotes":""},"categories":[6],"tags":[35,46870,33,34,1011,27,3730],"class_list":{"0":"post-331292","1":"post","2":"type-post","3":"status-publish","4":"format-standard","5":"has-post-thumbnail","7":"category-economie","8":"tag-business","9":"tag-carmat","10":"tag-economie","11":"tag-economy","12":"tag-fr","13":"tag-france","14":"tag-redressement-judiciaire"},"share_on_mastodon":{"url":"https:\/\/pubeurope.com\/@fr\/115060467561630513","error":""},"_links":{"self":[{"href":"https:\/\/www.europesays.com\/fr\/wp-json\/wp\/v2\/posts\/331292","targetHints":{"allow":["GET"]}}],"collection":[{"href":"https:\/\/www.europesays.com\/fr\/wp-json\/wp\/v2\/posts"}],"about":[{"href":"https:\/\/www.europesays.com\/fr\/wp-json\/wp\/v2\/types\/post"}],"author":[{"embeddable":true,"href":"https:\/\/www.europesays.com\/fr\/wp-json\/wp\/v2\/users\/2"}],"replies":[{"embeddable":true,"href":"https:\/\/www.europesays.com\/fr\/wp-json\/wp\/v2\/comments?post=331292"}],"version-history":[{"count":0,"href":"https:\/\/www.europesays.com\/fr\/wp-json\/wp\/v2\/posts\/331292\/revisions"}],"wp:featuredmedia":[{"embeddable":true,"href":"https:\/\/www.europesays.com\/fr\/wp-json\/wp\/v2\/media\/331293"}],"wp:attachment":[{"href":"https:\/\/www.europesays.com\/fr\/wp-json\/wp\/v2\/media?parent=331292"}],"wp:term":[{"taxonomy":"category","embeddable":true,"href":"https:\/\/www.europesays.com\/fr\/wp-json\/wp\/v2\/categories?post=331292"},{"taxonomy":"post_tag","embeddable":true,"href":"https:\/\/www.europesays.com\/fr\/wp-json\/wp\/v2\/tags?post=331292"}],"curies":[{"name":"wp","href":"https:\/\/api.w.org\/{rel}","templated":true}]}}