{"id":331294,"date":"2025-08-20T09:49:09","date_gmt":"2025-08-20T09:49:09","guid":{"rendered":"https:\/\/www.europesays.com\/fr\/331294\/"},"modified":"2025-08-20T09:49:09","modified_gmt":"2025-08-20T09:49:09","slug":"dou-vient-limage-creee-par-ia-demmanuel-macron-et-des-dirigeants-europeens-au-sommet-sur-lukraine","status":"publish","type":"post","link":"https:\/\/www.europesays.com\/fr\/331294\/","title":{"rendered":"D&rsquo;o\u00f9 vient l&rsquo;image cr\u00e9\u00e9e par IA d&rsquo;Emmanuel Macron et des dirigeants europ\u00e9ens au sommet sur l&rsquo;Ukraine"},"content":{"rendered":"<p>            Par<br \/>\n        <strong><br \/>\n            <a href=\"https:\/\/actu.fr\/auteur\/redaction-actu\" title=\"Consulter tous les articles de R\u00e9daction Actu\" target=\"_blank\" rel=\"noopener\">R\u00e9daction Actu<\/a><br \/>\n        <\/strong><\/p>\n<p>        Publi\u00e9 le<\/p>\n<p>            20 ao\u00fbt 2025 \u00e0 8h02        <\/p>\n<p>Une image devenue virale sur les r\u00e9seaux sociaux montre les dirigeants europ\u00e9ens, t\u00eate baiss\u00e9e, attendant devant le Bureau ovale.<\/p>\n<p class=\" wall-content\">\n<p class=\" wall-content\">G\u00e9n\u00e9r\u00e9e par l\u2019intelligence artificielle (IA), elle fait partie d\u2019un flot de d\u00e9sinformation visant notamment \u00e0 d\u00e9nigrer <strong>les efforts pour la paix en Ukraine<\/strong>.<\/p>\n<p>Une image montrant Emmanuel Macron t\u00eate baiss\u00e9e et mine sombre<\/p>\n<p class=\" wall-content\">Comme \u00e0 chaque grand \u00e9v\u00e9nement ou sommet, des contenus faux ou satiriques g\u00e9n\u00e9r\u00e9s par l\u2019IA se d\u00e9versent sur les r\u00e9seaux sociaux, leurs auteurs cherchant notamment \u00e0 r\u00e9colter de l\u2019argent via ces posts \u00e0 vocation virale.<\/p>\n<p class=\" wall-content\">\u00ab\u2009C\u2019est l\u2019humiliation ultime pour ces ordures corrompues. Absolument magnifique\u2009\u00bb, \u00e9crit ainsi un analyste politique conservateur en partageant la fausse photo montrant Emmanuel Macron et d\u2019autres dirigeants europ\u00e9ens, t\u00eate baiss\u00e9e et mine sombre, dans la Maison Blanche.<\/p>\n<p class=\" wall-content\">\n<p class=\" wall-content\">De nombreux dirigeants europ\u00e9ens \u00e9taient bien \u00e0 Washington lundi pour rencontrer <a href=\"https:\/\/actu.fr\/monde\/rencontre-zelensky-poutine-garanties-de-securite-ce-qu-il-faut-retenir-de-la-rencontre-sur-l-ukraine_63049267.html\" target=\"_blank\" rel=\"noopener\">Donald Trump avec le pr\u00e9sident ukrainien Volodymyr Zelensky<\/a>. Les faux contenus comptent de nombreuses diff\u00e9rences avec les photos officielles de la rencontre, notamment des d\u00e9tails concernant les v\u00eatements des dirigeants.<\/p>\n<p>Des images partag\u00e9es par des sources pro-Kremlin<\/p>\n<p class=\" wall-content\">Plusieurs sources prorusses ont partag\u00e9 ces images, dont le m\u00e9dia Pravda, connu pour diffuser de faux contenus<strong> en faveur de la Russie<\/strong>, souligne l\u2019organisme de surveillance de la d\u00e9sinformation NewsGuard.<\/p>\n<p>Votre r\u00e9gion, votre actu !<\/p>\n<p>Recevez chaque jour les infos qui comptent pour vous.<\/p>\n<p>\t<a href=\"https:\/\/actu.fr\/newsletter\" class=\"ac-btn ac-btn--corner ac-btn--medium ac-btn--blue800\" target=\"_blank\" rel=\"noopener\">S&rsquo;incrire<\/a><\/p>\n<p class=\" wall-content\">Ce flot d\u2019images g\u00e9n\u00e9r\u00e9es par l\u2019IA illustre comment \u00ab\u2009les sources pro-Kremlin profitent souvent de r\u00e9unions tr\u00e8s m\u00e9diatis\u00e9es auxquelles participent des dirigeants europ\u00e9ens pour diffuser de fausses informations\u2009\u00bb, rel\u00e8ve NewsGuard.<\/p>\n<p class=\" wall-content\">Plusieurs autres fausses images et vid\u00e9os ont \u00e9t\u00e9 partag\u00e9es ces derniers jours, notamment pour ridiculiser la rencontre entre <a href=\"https:\/\/actu.fr\/monde\/deux-egos-surdimensionnes-comment-fonctionne-la-relation-ambigue-entre-donald-trump-et-vladimir-poutine_63037335.html\" target=\"_blank\" rel=\"noopener\">Vladimir Poutine et Donald Trump<\/a> en Alaska vendredi.<\/p>\n<p class=\" wall-content\">Les contenus g\u00e9n\u00e9r\u00e9s par l\u2019IA se propagent en g\u00e9n\u00e9ral tr\u00e8s rapidement sur les r\u00e9seaux sociaux, les plateformes ayant pour la plupart assoupli leurs r\u00e8gles de mod\u00e9ration.<\/p>\n<p>Avec AFP<\/p>\n<p class=\" wall-content\">Personnalisez votre actualit\u00e9 en ajoutant vos villes et m\u00e9dias en favori avec <a href=\"https:\/\/moncompte.actu.fr\" title=\"D\u00e9couvez Mon Actu\" rel=\"nofollow noopener\" data-trk=\"{&quot;cta&quot;:{&quot;action&quot;:&quot;https:\\\/\\\/moncompte.actu.fr&quot;,&quot;category&quot;:&quot;mon compte&quot;,&quot;from&quot;:&quot;article footer&quot;,&quot;name&quot;:&quot;Mon actu&quot;,&quot;type&quot;:&quot;cta&quot;}}\" target=\"_blank\">Mon Actu<\/a>.<\/p>\n","protected":false},"excerpt":{"rendered":"Par R\u00e9daction Actu Publi\u00e9 le 20 ao\u00fbt 2025 \u00e0 8h02 Une image devenue virale sur les r\u00e9seaux sociaux&hellip;\n","protected":false},"author":2,"featured_media":331295,"comment_status":"","ping_status":"","sticky":false,"template":"","format":"standard","meta":{"footnotes":""},"categories":[5],"tags":[11,1073,1011,27,131,14,74,12,28],"class_list":{"0":"post-331294","1":"post","2":"type-post","3":"status-publish","4":"format-standard","5":"has-post-thumbnail","7":"category-international","8":"tag-actualites","9":"tag-emmanuel-macron","10":"tag-fr","11":"tag-france","12":"tag-guerre-en-ukraine","13":"tag-international","14":"tag-monde","15":"tag-news","16":"tag-world"},"share_on_mastodon":{"url":"https:\/\/pubeurope.com\/@fr\/115060471509353140","error":""},"_links":{"self":[{"href":"https:\/\/www.europesays.com\/fr\/wp-json\/wp\/v2\/posts\/331294","targetHints":{"allow":["GET"]}}],"collection":[{"href":"https:\/\/www.europesays.com\/fr\/wp-json\/wp\/v2\/posts"}],"about":[{"href":"https:\/\/www.europesays.com\/fr\/wp-json\/wp\/v2\/types\/post"}],"author":[{"embeddable":true,"href":"https:\/\/www.europesays.com\/fr\/wp-json\/wp\/v2\/users\/2"}],"replies":[{"embeddable":true,"href":"https:\/\/www.europesays.com\/fr\/wp-json\/wp\/v2\/comments?post=331294"}],"version-history":[{"count":0,"href":"https:\/\/www.europesays.com\/fr\/wp-json\/wp\/v2\/posts\/331294\/revisions"}],"wp:featuredmedia":[{"embeddable":true,"href":"https:\/\/www.europesays.com\/fr\/wp-json\/wp\/v2\/media\/331295"}],"wp:attachment":[{"href":"https:\/\/www.europesays.com\/fr\/wp-json\/wp\/v2\/media?parent=331294"}],"wp:term":[{"taxonomy":"category","embeddable":true,"href":"https:\/\/www.europesays.com\/fr\/wp-json\/wp\/v2\/categories?post=331294"},{"taxonomy":"post_tag","embeddable":true,"href":"https:\/\/www.europesays.com\/fr\/wp-json\/wp\/v2\/tags?post=331294"}],"curies":[{"name":"wp","href":"https:\/\/api.w.org\/{rel}","templated":true}]}}