{"id":331296,"date":"2025-08-20T09:50:18","date_gmt":"2025-08-20T09:50:18","guid":{"rendered":"https:\/\/www.europesays.com\/fr\/331296\/"},"modified":"2025-08-20T09:50:18","modified_gmt":"2025-08-20T09:50:18","slug":"on-a-laisse-tomber-tout-ce-qui-comptait-jacques-fieschi-membre-du-commando-daleria-degoute-par-le-pouvoir-nationaliste-corse-matin","status":"publish","type":"post","link":"https:\/\/www.europesays.com\/fr\/331296\/","title":{"rendered":"&quot;On a laiss\u00e9 tomber tout ce qui comptait&quot; : Jacques Fieschi, membre du commando d&#039;Aleria, &quot;d\u00e9go\u00fbt\u00e9&quot; par le pouvoir nationaliste &#8211; Corse Matin"},"content":{"rendered":"<ol>\n<li><a href=\"https:\/\/news.google.com\/rss\/articles\/CBMijAJBVV95cUxNNjgzajliZk9kbVRXa3M5bXI4M3IzMkpRbTg3akxJZzRQRXI5THlwNkFrbmNQT1dkOU5Wc1NIQ3M3aWpoc09zNFVScXpGcDliTUJ2bWF4b0taOHFHTDhiVTFFeEVPLV83eHRjZmxkbGpLVFROekNLbGh4YzFwQTg5eF9mLXl3c29CSnJXdmtEWlJWY2lBbV9QZUlLRVhUcVVpY0hyRDZjTkl0Y2tUZk5uT29seGxDZGdNOUVHMkNKdnBKT2lxdmxJeXhHMnJEUGNDSjlGV2ZVaGdsVXNYVmpMYjlib2JxSzBwVzRLSWV4NFZLVVA1Qmh3WUZYZ0VIdTdDUWlubjRJUUFLTmFP?oc=5\" target=\"_blank\" rel=\"noopener\">\u00ab\u00a0On a laiss\u00e9 tomber tout ce qui comptait\u00a0\u00bb : Jacques Fieschi, membre du commando d&rsquo;Aleria, \u00ab\u00a0d\u00e9go\u00fbt\u00e9\u00a0\u00bb par le pouvoir nationaliste<\/a>&nbsp;&nbsp;Corse Matin<\/li>\n<li><a href=\"https:\/\/news.google.com\/rss\/articles\/CBMiygFBVV95cUxOZkVaU0tfN2RmRTNJMnRIb21RYkpqRTNjLTlHbXlNS2UydVVjT0FMUEwzZ0QzNzlmRkFTWFh6MFR0MWpsUVdNb0dkLUVwckZIOXQ2dXJmTXlpSTlhUjVKUzVtdm1xX0FoS096WUJEeGM5YVlMMzhqRkpTSjBucEdZS0l3aDBTRUUtZnAzUDV6SWhIZ3UyVzRPN3dYb28tYWJ2Y2xNVWFja2trclNSRTRwc2dXYzhFRGpJcEhEX2tTN0FYa05pSVpxc1lB?oc=5\" target=\"_blank\" rel=\"noopener\">Les \u00e9v\u00e9nements d&rsquo;Al\u00e9ria, acte de naissance sanglant du nationalisme corse moderne<\/a>&nbsp;&nbsp;Portail Orange<\/li>\n<li><a href=\"https:\/\/news.google.com\/rss\/articles\/CBMi2wJBVV95cUxQYk9ndzNMUzdfZ1REUHJ6RVVwOHJTNFpuY0RrUWxOZTZfLXkzUVY4T0QtUDlXN2RxVXVJR1BvZk9Yd1ZOWHBGMzFkdjdtTzVPV1RyN212QkVQUFpZdjZzVmRYVkJGSUdTOWN3TzJJSFo1eVlNeS1kOHdkTXFldnFrdHpjYmpYVlBvTHI3WUhwUl9Rb3dPNEljVHNMN0FxTDRHQmR6Ymd3VEdlRS04UUpoVEVKWnJhcWZiWjhPVXNGNS1Fb1AxSEx6c3Z4anZvNXNaU2J1UzlGeV9jYTdwT0U1LWZfMXVBSFNlU1NvYlcyUU9JV3hhRU11ajdYMVprUDF1c2ZnWFppRE8xblRWRUFFUGZvVHFrcF9haUFZelB1RG5ka3VZMmZxU2hRSktFOGkxYWFwWklfc25VT0E4Wk9PYU5BeW56ajhFZE9uN1pGRGpTNDZZdnRLZFBzTQ?oc=5\" target=\"_blank\" rel=\"noopener\">DOSSIER. \u00ab\u00a0J&rsquo;ai aid\u00e9 ma m\u00e8re \u00e0 pousser les sacs de sable devant la porte, parce que nous nous sentions en grave danger\u00a0\u00bb, Aleria 1975 et ses cons\u00e9quences pour la famille Simeoni<\/a>&nbsp;&nbsp;France 3 R\u00e9gions<\/li>\n<li><a href=\"https:\/\/news.google.com\/rss\/articles\/CBMiugFBVV95cUxQYUJXWTNUWUlXUi10MmwyZWFGdEdhSnRmM2liNnMxbmRJUEpDbjJONWtSMkZGN1VyS1liX1JtM2lHZVBXeUR3amtOM2lrYXUwdThodzZiZC1HaXV3THJuX0dQaVFUMS1ub2V4VmhaanRQQWgwRFctemlhNHlpS2lhT2xCVkYxdlpXempJUUpUMW9DYVlJaU1jNmItQXNQcHQ4dWhnNUZ3N1Utbk41RklQN1VYWHBOSlJWMGc?oc=5\" target=\"_blank\" rel=\"noopener\">DOSSIER 3\/5 | 50 ans des \u00e9v\u00e9nements d&rsquo;Aleria : le congr\u00e8s de l&rsquo;ARC \u00e0 Corte<\/a>&nbsp;&nbsp;francebleu.fr<\/li>\n<li><a href=\"https:\/\/news.google.com\/rss\/articles\/CBMizgFBVV95cUxQWXhDYWJyNkRkWWNJODZ3U3pHZzc5MTRLRGJodTd4Ymo2SEUzY2VkWG5aLVhZREo5QmZDbFV0VnBTb0RRN204RVhMUkR2VjhVSlRFU3d4MktrS3UxLUo1NlkxMHZ0amZTdWFvRFN0a0I5Q2ZiNHFURzhKWHVxVzB4dl9Gelg4aXE0WkpKOFdVem80YTJKMzlnaVFhUXFNbllPLWRKUEJycjZCUWpiUE80UXVTVENWdmUwbnlRcEsxal91MGhYZEdJaHZvQ2xtdw?oc=5\" target=\"_blank\" rel=\"noopener\">Corse : 50 ans apr\u00e8s Al\u00e9ria, l\u2019\u00eele de Beaut\u00e9 \u00e0 l\u2019aube d\u2019une autonomie historique<\/a>&nbsp;&nbsp;lanouvellerepublique.fr<\/li>\n<\/ol>\n","protected":false},"excerpt":{"rendered":"\u00ab\u00a0On a laiss\u00e9 tomber tout ce qui comptait\u00a0\u00bb : Jacques Fieschi, membre du commando d&rsquo;Aleria, \u00ab\u00a0d\u00e9go\u00fbt\u00e9\u00a0\u00bb par le&hellip;\n","protected":false},"author":2,"featured_media":331297,"comment_status":"","ping_status":"","sticky":false,"template":"","format":"standard","meta":{"footnotes":""},"categories":[4],"tags":[17,11,46871,1011,27,19023,1768,12,5241,316,3583,25,470,3585],"class_list":{"0":"post-331296","1":"post","2":"type-post","3":"status-publish","4":"format-standard","5":"has-post-thumbnail","7":"category-france","8":"tag-17","9":"tag-actualites","10":"tag-comptait","11":"tag-fr","12":"tag-france","13":"tag-jacques","14":"tag-laisse","15":"tag-news","16":"tag-on","17":"tag-politique","18":"tag-qui","19":"tag-republique-francaise","20":"tag-tomber","21":"tag-tout"},"share_on_mastodon":{"url":"https:\/\/pubeurope.com\/@fr\/115060475464112829","error":""},"_links":{"self":[{"href":"https:\/\/www.europesays.com\/fr\/wp-json\/wp\/v2\/posts\/331296","targetHints":{"allow":["GET"]}}],"collection":[{"href":"https:\/\/www.europesays.com\/fr\/wp-json\/wp\/v2\/posts"}],"about":[{"href":"https:\/\/www.europesays.com\/fr\/wp-json\/wp\/v2\/types\/post"}],"author":[{"embeddable":true,"href":"https:\/\/www.europesays.com\/fr\/wp-json\/wp\/v2\/users\/2"}],"replies":[{"embeddable":true,"href":"https:\/\/www.europesays.com\/fr\/wp-json\/wp\/v2\/comments?post=331296"}],"version-history":[{"count":0,"href":"https:\/\/www.europesays.com\/fr\/wp-json\/wp\/v2\/posts\/331296\/revisions"}],"wp:featuredmedia":[{"embeddable":true,"href":"https:\/\/www.europesays.com\/fr\/wp-json\/wp\/v2\/media\/331297"}],"wp:attachment":[{"href":"https:\/\/www.europesays.com\/fr\/wp-json\/wp\/v2\/media?parent=331296"}],"wp:term":[{"taxonomy":"category","embeddable":true,"href":"https:\/\/www.europesays.com\/fr\/wp-json\/wp\/v2\/categories?post=331296"},{"taxonomy":"post_tag","embeddable":true,"href":"https:\/\/www.europesays.com\/fr\/wp-json\/wp\/v2\/tags?post=331296"}],"curies":[{"name":"wp","href":"https:\/\/api.w.org\/{rel}","templated":true}]}}