{"id":331298,"date":"2025-08-20T09:51:13","date_gmt":"2025-08-20T09:51:13","guid":{"rendered":"https:\/\/www.europesays.com\/fr\/331298\/"},"modified":"2025-08-20T09:51:13","modified_gmt":"2025-08-20T09:51:13","slug":"mort-de-jean-pormanove-humiliations-consentement-autopsie-sur-quels-elements-va-se-porter-lenquete-rtl-fr","status":"publish","type":"post","link":"https:\/\/www.europesays.com\/fr\/331298\/","title":{"rendered":"Mort de Jean Pormanove : humiliations, consentement, autopsie\u2026 Sur quels \u00e9l\u00e9ments va se porter l\u2019enqu\u00eate ? &#8211; RTL.fr"},"content":{"rendered":"<ol>\n<li><a href=\"https:\/\/news.google.com\/rss\/articles\/CBMi6wFBVV95cUxNc212Q2oySzhqRW1MZlVuVkltcWpFWkVwNlh1QTFVTHNsZmNqVHdFMjgyS3RXZjl4UXExUUYwS3FoWTFSTHFJRDlzbUtnSDRqRS12UERGTUJyQzQtbXQ2eTdPRVR4bHNFcEwyVlFmVkprVlJtd0hlZ0VaZDNoeE43eVF6a05kYmdxY0pFeWtLaWFYc1pBeXhFaXotVVpPMEZBRGgwdlNpUHVnMmVmOTY1UEFVQ0ozSmpZaE51V05jVU9yZnlNVnBSMm1aT2Y3RFVPdHpaU29EaWJtVUhoYTcyazFZR1BXbjQzb0Yw?oc=5\" target=\"_blank\" rel=\"noopener\">Mort de Jean Pormanove : humiliations, consentement, autopsie\u2026 Sur quels \u00e9l\u00e9ments va se porter l\u2019enqu\u00eate ?<\/a>&nbsp;&nbsp;RTL.fr<\/li>\n<li><a href=\"https:\/\/news.google.com\/rss\/articles\/CBMihAJBVV95cUxOcWw2WFNMY2FxX3ZSQ0wzYnpidjdOUFlfMVdMWktmN2dwbFJPVVJuU1FVSUVDZHlBVmZoYWo2V3VSOVNIaTZVRXktTHRmZ1BoVWJpaDhVSFd0bjBudHE4N29Zam1ESlM4bnBtNl93cmw3YkJtbl9UUk15TzFua0tkYkZfS3Z6Yk1iZzlZd05HekYtem5mWC1VWkVoM3ZwTnpDR1c1MFY4NzdBWW5uQ2RLNVQ1djNaRTRKdVpKb0RCNDFCTnY5S3k4N3RMbUVocHJzaXRRYzZNcnZqRWMxck9TS0lJU0FRYkpVMzkxVmpNTGxXZTd4dncxa1gwLTdSYXV5QllCcg?oc=5\" target=\"_blank\" rel=\"noopener\">Ce que l&rsquo;on sait de la mort en direct du streameur fran\u00e7ais Jean Pormanove, victime r\u00e9guli\u00e8re de s\u00e9vices film\u00e9s<\/a>&nbsp;&nbsp;France Info<\/li>\n<li><a href=\"https:\/\/news.google.com\/rss\/articles\/CBMiiwJBVV95cUxPRk1pRDhvNzJVQ0E5bWt0VWpZdlFLeS1PaG4tYWpkMVozTUxnZmZHSU1FTWR1azhWREU0QUtMREtuaGxqcVZ0R0VqcEtQeGNfcXYzMkQ2bW1paFluREdIRUxKTG9uUkJfVVlMcjVmUGZsLWJPVDhncE9UUFpsdXA2MDF6SHBQUkNVTzFKQndVclBMa2l4dUZfbG81Q2lPZmtoVU5ubFcxbFFZeVk0RWFEN1VYSWp2cWgtUWpVU0E5enh5OHdaMkpuTktUcEtpd0J4RzhtcF9jQ2VQb21hbjRTUER4UXJxT1FZVEZHUmNTclFRRlRIeVhiaVdLS3dlczEyekdPeEFOcE1nX0k?oc=5\" target=\"_blank\" rel=\"noopener\">Mort du streamer Jean Pormanove en direct : pass\u00e9 judiciaire, violences\u2026 ce que l\u2019on sait des hommes pr\u00e9sents \u00e0 ses c\u00f4t\u00e9s avant sa mort<\/a>&nbsp;&nbsp;ladepeche.fr<\/li>\n<li><a href=\"https:\/\/news.google.com\/rss\/articles\/CBMi2wFBVV95cUxQcktRODEwcUw3YlNqMnRXRl81RnN0UTg1RnpSQk8zY3RpMERvVEZtQUtHWnNPYVlaUGtHZExBNGZDY041Q2RkWjBsYmpNZDlQUmVMcW5aV3JmWWs5ZVBxOWtMSGZ6b2RYbnFEUWZiTnFxUFBZdWhvOGdqMjhSUkxhV1kwV3JQbW1ELTYxNUN1RjB4SXNsV05LM2NPTVVidTJiSnNpM01ZX0U1WmhqSDJBZ3BQYjdyV3JzSVlSSlNBOW85QzFYNmNjQjBnOTl6bTFkdU9fY1RvNUF1YTQ?oc=5\" target=\"_blank\" rel=\"noopener\">Mort de Jean Pormanove : sa s\u0153ur d\u00e9nonce l&rsquo;\u00e9puisement et les humiliations subies en live<\/a>&nbsp;&nbsp;RTL.fr<\/li>\n<li><a href=\"https:\/\/news.google.com\/rss\/articles\/CBMimgFBVV95cUxQQzFrWVFoSzJ1UkpXVE0zZ3hfOVhON1ZLZ2dXZkpsZDVnTkRYdkI3MU5lNldEaTRWVG12TGc0VzR2MjV6d01DeWtrWTduM1c4TXBab2pHaHpoR1VfWE5rSEUyNUdhUVktd0VfcnN5d0JZRVQ0T2NJa1V2Vl82NU9VVFlnU3M2NjcxcmRPQXI4dTZqR1QxY05xeUZB?oc=5\" target=\"_blank\" rel=\"noopener\">Affaire \u00ab Jean Pormanove \u00bb : ceux qui n\u2019ont rien fait<\/a>&nbsp;&nbsp;Mediapart<\/li>\n<\/ol>\n","protected":false},"excerpt":{"rendered":"Mort de Jean Pormanove : humiliations, consentement, autopsie\u2026 Sur quels \u00e9l\u00e9ments va se porter l\u2019enqu\u00eate ?&nbsp;&nbsp;RTL.fr Ce que&hellip;\n","protected":false},"author":2,"featured_media":330143,"comment_status":"","ping_status":"","sticky":false,"template":"","format":"standard","meta":{"footnotes":""},"categories":[2],"tags":[11,3983,1067,1011,27,12,1072,938,128],"class_list":{"0":"post-331298","1":"post","2":"type-post","3":"status-publish","4":"format-standard","5":"has-post-thumbnail","7":"category-actualites","8":"tag-actualites","9":"tag-deces","10":"tag-enquete","11":"tag-fr","12":"tag-france","13":"tag-news","14":"tag-police","15":"tag-reseaux-sociaux","16":"tag-streaming"},"share_on_mastodon":{"url":"https:\/\/pubeurope.com\/@fr\/115060479381941927","error":""},"_links":{"self":[{"href":"https:\/\/www.europesays.com\/fr\/wp-json\/wp\/v2\/posts\/331298","targetHints":{"allow":["GET"]}}],"collection":[{"href":"https:\/\/www.europesays.com\/fr\/wp-json\/wp\/v2\/posts"}],"about":[{"href":"https:\/\/www.europesays.com\/fr\/wp-json\/wp\/v2\/types\/post"}],"author":[{"embeddable":true,"href":"https:\/\/www.europesays.com\/fr\/wp-json\/wp\/v2\/users\/2"}],"replies":[{"embeddable":true,"href":"https:\/\/www.europesays.com\/fr\/wp-json\/wp\/v2\/comments?post=331298"}],"version-history":[{"count":0,"href":"https:\/\/www.europesays.com\/fr\/wp-json\/wp\/v2\/posts\/331298\/revisions"}],"wp:featuredmedia":[{"embeddable":true,"href":"https:\/\/www.europesays.com\/fr\/wp-json\/wp\/v2\/media\/330143"}],"wp:attachment":[{"href":"https:\/\/www.europesays.com\/fr\/wp-json\/wp\/v2\/media?parent=331298"}],"wp:term":[{"taxonomy":"category","embeddable":true,"href":"https:\/\/www.europesays.com\/fr\/wp-json\/wp\/v2\/categories?post=331298"},{"taxonomy":"post_tag","embeddable":true,"href":"https:\/\/www.europesays.com\/fr\/wp-json\/wp\/v2\/tags?post=331298"}],"curies":[{"name":"wp","href":"https:\/\/api.w.org\/{rel}","templated":true}]}}