{"id":331300,"date":"2025-08-20T09:53:13","date_gmt":"2025-08-20T09:53:13","guid":{"rendered":"https:\/\/www.europesays.com\/fr\/331300\/"},"modified":"2025-08-20T09:53:13","modified_gmt":"2025-08-20T09:53:13","slug":"saint-etienne-il-refuse-de-sarreter-une-folle-course-poursuite-de-56-km-sengage","status":"publish","type":"post","link":"https:\/\/www.europesays.com\/fr\/331300\/","title":{"rendered":"Saint-Etienne. Il refuse de s&rsquo;arr\u00eater, une folle course poursuite de 56 km s&rsquo;engage"},"content":{"rendered":"<p>            Par<br \/>\n        <strong><br \/>\n            <a href=\"https:\/\/actu.fr\/auteur\/mathias-souteyrat\" title=\"Consulter tous les articles de Mathias Souteyrat\" rel=\"nofollow noopener\" target=\"_blank\">Mathias Souteyrat<\/a><br \/>\n        <\/strong><\/p>\n<p>        Publi\u00e9 le<\/p>\n<p>            20 ao\u00fbt 2025 \u00e0 11h28        <\/p>\n<p>Le lundi 18 ao\u00fbt 2025, il est 4 heures du matin, quand la folle<strong> course poursuite<\/strong> d\u2019un jeune homme \u00e2g\u00e9 de 20 ans avec les policiers st\u00e9phanois prend fin sur la commune <a href=\"https:\/\/actu.fr\/auvergne-rhone-alpes\/irigny_69100\" rel=\"nofollow noopener\" target=\"_blank\">d\u2019Irigny<\/a> (Rh\u00f4ne). R\u00e9cit d\u2019une nuit agit\u00e9e, qui aurait pu tr\u00e8s mal se terminer.<\/p>\n<p>Du cours Fauriel jusqu\u2019au Rh\u00f4ne<\/p>\n<p class=\" wall-content\">Une patrouille de police descend le cours Fauriel \u00e0 <a href=\"https:\/\/actu.fr\/auvergne-rhone-alpes\/saint-etienne_42218\" rel=\"nofollow noopener\" target=\"_blank\">Saint-Etienne<\/a> quand elle aper\u00e7oit un chauffard rouler \u00e0 vive allure en sens inverse. Les forces de l\u2019ordre d\u00e9cident de l\u2019arr\u00eater pour effectuer des constatations d\u2019usage.<\/p>\n<p class=\" wall-content\">Mais le chauffard refuse d\u2019obtemp\u00e9rer, remonte jusqu\u2019au rond-point et s\u2019engage sur la RN88 en direction de Lyon. La police le prend en chasse.<\/p>\n<p>\u00c0 180\u00a0km\/h sur l\u2019autoroute<\/p>\n<p class=\" wall-content\">Il s\u2019engage sur l\u2019A47 en effectuant des pointes \u00e0 180\u00a0km\/h, nous pr\u00e9cisent les services de police.<\/p>\n<p class=\" wall-content\">La course-poursuite se termine 56\u00a0km plus loin, dans une impasse \u00e0 Irigny dans le Rh\u00f4ne. Pas impressionn\u00e9, le conducteur tente quand m\u00eame de prendre la fuite \u00e0 pied, mais il est interpell\u00e9 par les policiers de la Bac.<\/p>\n<p class=\" wall-content\">\u00c0 ses c\u00f4t\u00e9s se trouve une femme, visiblement d\u00e9pass\u00e9e et choqu\u00e9e par ce qu\u2019il venait de se passer.<\/p>\n<p>Pas de permis, pas d\u2019assurance et alcoolis\u00e9<\/p>\n<p class=\" wall-content\">Pour ne rien arranger \u00e0 son cas, l\u2019homme n\u2019a pas le permis de conduire et son v\u00e9hicule n\u2019est pas assur\u00e9. Il roule sous l\u2019empire d\u2019un \u00e9tat alcoolique avec 1,34\u00a0g\/l de sang.<\/p>\n<p>Votre r\u00e9gion, votre actu !<\/p>\n<p>Recevez chaque jour les infos qui comptent pour vous.<\/p>\n<p>\t<a href=\"https:\/\/actu.fr\/newsletter\" class=\"ac-btn ac-btn--corner ac-btn--medium ac-btn--blue800\" rel=\"nofollow noopener\" target=\"_blank\">S&rsquo;incrire<\/a><\/p>\n<p class=\" wall-content\">Il a \u00e9t\u00e9 pr\u00e9sent\u00e9 \u00e0 un magistrat avant une d\u00e9cision de justice.<\/p>\n<p class=\" wall-content\">Personnalisez votre actualit\u00e9 en ajoutant vos villes et m\u00e9dias en favori avec <a href=\"https:\/\/moncompte.actu.fr\" title=\"D\u00e9couvez Mon Actu\" rel=\"nofollow noopener\" data-trk=\"{&quot;cta&quot;:{&quot;action&quot;:&quot;https:\\\/\\\/moncompte.actu.fr&quot;,&quot;category&quot;:&quot;mon compte&quot;,&quot;from&quot;:&quot;article footer&quot;,&quot;name&quot;:&quot;Mon actu&quot;,&quot;type&quot;:&quot;cta&quot;}}\" target=\"_blank\">Mon Actu<\/a>.<\/p>\n","protected":false},"excerpt":{"rendered":"Par Mathias Souteyrat Publi\u00e9 le 20 ao\u00fbt 2025 \u00e0 11h28 Le lundi 18 ao\u00fbt 2025, il est 4&hellip;\n","protected":false},"author":2,"featured_media":331301,"comment_status":"","ping_status":"","sticky":false,"template":"","format":"standard","meta":{"footnotes":""},"categories":[9653],"tags":[1111,11,2430,1777,674,118,1011,27,303,12,1072,2852,25,4001],"class_list":{"0":"post-331300","1":"post","2":"type-post","3":"status-publish","4":"format-standard","5":"has-post-thumbnail","7":"category-saint-etienne","8":"tag-actu","9":"tag-actualites","10":"tag-auvergne-rhone-alpes","11":"tag-eu","12":"tag-europe","13":"tag-faits-divers","14":"tag-fr","15":"tag-france","16":"tag-justice","17":"tag-news","18":"tag-police","19":"tag-refus-dobtemperer","20":"tag-republique-francaise","21":"tag-saint-etienne"},"share_on_mastodon":{"url":"https:\/\/pubeurope.com\/@fr\/115060487178334220","error":""},"_links":{"self":[{"href":"https:\/\/www.europesays.com\/fr\/wp-json\/wp\/v2\/posts\/331300","targetHints":{"allow":["GET"]}}],"collection":[{"href":"https:\/\/www.europesays.com\/fr\/wp-json\/wp\/v2\/posts"}],"about":[{"href":"https:\/\/www.europesays.com\/fr\/wp-json\/wp\/v2\/types\/post"}],"author":[{"embeddable":true,"href":"https:\/\/www.europesays.com\/fr\/wp-json\/wp\/v2\/users\/2"}],"replies":[{"embeddable":true,"href":"https:\/\/www.europesays.com\/fr\/wp-json\/wp\/v2\/comments?post=331300"}],"version-history":[{"count":0,"href":"https:\/\/www.europesays.com\/fr\/wp-json\/wp\/v2\/posts\/331300\/revisions"}],"wp:featuredmedia":[{"embeddable":true,"href":"https:\/\/www.europesays.com\/fr\/wp-json\/wp\/v2\/media\/331301"}],"wp:attachment":[{"href":"https:\/\/www.europesays.com\/fr\/wp-json\/wp\/v2\/media?parent=331300"}],"wp:term":[{"taxonomy":"category","embeddable":true,"href":"https:\/\/www.europesays.com\/fr\/wp-json\/wp\/v2\/categories?post=331300"},{"taxonomy":"post_tag","embeddable":true,"href":"https:\/\/www.europesays.com\/fr\/wp-json\/wp\/v2\/tags?post=331300"}],"curies":[{"name":"wp","href":"https:\/\/api.w.org\/{rel}","templated":true}]}}