{"id":331303,"date":"2025-08-20T09:55:13","date_gmt":"2025-08-20T09:55:13","guid":{"rendered":"https:\/\/www.europesays.com\/fr\/331303\/"},"modified":"2025-08-20T09:55:13","modified_gmt":"2025-08-20T09:55:13","slug":"guingamp-recoit-nancy-le-vendredi-soir-la-programmation-tv-de-la-9e-journee-de-ligue-2","status":"publish","type":"post","link":"https:\/\/www.europesays.com\/fr\/331303\/","title":{"rendered":"Guingamp re\u00e7oit Nancy le vendredi soir\u2026 la programmation TV de la 9e journ\u00e9e de Ligue\u00a02"},"content":{"rendered":"<p>Ligue 2 (9e journ\u00e9e)<\/p>\n<p>\u00c0 l\u2019occasion de la neuvi\u00e8me journ\u00e9e de Ligue 2, qui se tiendra les vendredi 3 octobre et samedi 4 octobre, En Avant Guingamp recevra l\u2019AS Nancy-Lorraine. La rencontre se tiendra le vendredi 3 octobre \u00e0 20 h et sera diffus\u00e9e sur beIn Sports 1 pour le Multiplex et sur beIN Sports Max de 4 \u00e0 9 pour les autres matchs.<\/p>\n<p class=\"tech\"><strong class=\"tech\">Vendredi 3 octobre (20 h) : Multiplex sur beIN Sports 1 et les matchs en int\u00e9gralit\u00e9 sur beIN Sports MAX 4 \u00e0 9<\/strong><\/p>\n<p class=\"tech\">FC Annecy &#8211; Stade Lavallois MFC<\/p>\n<p class=\"tech\">Pau FC &#8211; Clermont Foot 63<\/p>\n<p class=\"tech\">SC Bastia &#8211; USL Dunkerque<\/p>\n<p class=\"tech\">Amiens SC &#8211; US Boulogne CO<\/p>\n<p class=\"tech\">Le Mans FC &#8211; ESTAC Troyes<\/p>\n<p class=\"tech\"><strong class=\"tech\">EA Guingamp<\/strong> &#8211; AS Nancy-Lorraine<\/p>\n<p class=\"tech\"><strong class=\"tech\">Samedi 4 octobre (14 h) sur beIN Sports 1<\/strong><\/p>\n<p class=\"tech\">Stade de Reims \u2013 Grenoble Foot 38<\/p>\n<p class=\"tech\"><strong class=\"tech\">Sur beIN Sports 2<\/strong><\/p>\n<p class=\"tech\">Red Star FC \u2013 Rodez AF<\/p>\n<p class=\"tech\"><strong class=\"tech\">Samedi 4 octobre (20 h) beIN Sports 1<\/strong><\/p>\n<p class=\"tech\">Montpellier H\u00e9rault SC \u2013 AS Saint-\u00c9tienne<\/p>\n","protected":false},"excerpt":{"rendered":"Ligue 2 (9e journ\u00e9e) \u00c0 l\u2019occasion de la neuvi\u00e8me journ\u00e9e de Ligue 2, qui se tiendra les vendredi&hellip;\n","protected":false},"author":2,"featured_media":331304,"comment_status":"","ping_status":"","sticky":false,"template":"","format":"standard","meta":{"footnotes":""},"categories":[9635],"tags":[1111,11,9594,3166,1777,674,63,1011,27,775,4044,446,1702,12,25,60],"class_list":{"0":"post-331303","1":"post","2":"type-post","3":"status-publish","4":"format-standard","5":"has-post-thumbnail","7":"category-nancy","8":"tag-actu","9":"tag-actualites","10":"tag-en-avant-guingamp","11":"tag-en-continu-sports","12":"tag-eu","13":"tag-europe","14":"tag-football","15":"tag-fr","16":"tag-france","17":"tag-grand-est","18":"tag-guingamp","19":"tag-ligue-2","20":"tag-nancy","21":"tag-news","22":"tag-republique-francaise","23":"tag-sports"},"share_on_mastodon":{"url":"https:\/\/pubeurope.com\/@fr\/115060495190773565","error":""},"_links":{"self":[{"href":"https:\/\/www.europesays.com\/fr\/wp-json\/wp\/v2\/posts\/331303","targetHints":{"allow":["GET"]}}],"collection":[{"href":"https:\/\/www.europesays.com\/fr\/wp-json\/wp\/v2\/posts"}],"about":[{"href":"https:\/\/www.europesays.com\/fr\/wp-json\/wp\/v2\/types\/post"}],"author":[{"embeddable":true,"href":"https:\/\/www.europesays.com\/fr\/wp-json\/wp\/v2\/users\/2"}],"replies":[{"embeddable":true,"href":"https:\/\/www.europesays.com\/fr\/wp-json\/wp\/v2\/comments?post=331303"}],"version-history":[{"count":0,"href":"https:\/\/www.europesays.com\/fr\/wp-json\/wp\/v2\/posts\/331303\/revisions"}],"wp:featuredmedia":[{"embeddable":true,"href":"https:\/\/www.europesays.com\/fr\/wp-json\/wp\/v2\/media\/331304"}],"wp:attachment":[{"href":"https:\/\/www.europesays.com\/fr\/wp-json\/wp\/v2\/media?parent=331303"}],"wp:term":[{"taxonomy":"category","embeddable":true,"href":"https:\/\/www.europesays.com\/fr\/wp-json\/wp\/v2\/categories?post=331303"},{"taxonomy":"post_tag","embeddable":true,"href":"https:\/\/www.europesays.com\/fr\/wp-json\/wp\/v2\/tags?post=331303"}],"curies":[{"name":"wp","href":"https:\/\/api.w.org\/{rel}","templated":true}]}}