{"id":331305,"date":"2025-08-20T09:56:10","date_gmt":"2025-08-20T09:56:10","guid":{"rendered":"https:\/\/www.europesays.com\/fr\/331305\/"},"modified":"2025-08-20T09:56:10","modified_gmt":"2025-08-20T09:56:10","slug":"une-cinquantaine-de-bebes-tortues-sont-nes-sur-la-plage-doree-a-sanary-sur-mer","status":"publish","type":"post","link":"https:\/\/www.europesays.com\/fr\/331305\/","title":{"rendered":"Une cinquantaine de b\u00e9b\u00e9s tortues sont n\u00e9s sur la plage Dor\u00e9e \u00e0 Sanary-sur-Mer"},"content":{"rendered":"<p>58 tortillons sont sortis du sable avant de rejoindre la mer, au cours de la nuit du mardi 19 au mercredi 20 ao\u00fbt, sur la plage Dor\u00e9e, \u00e0 Sanary-sur-Mer. D&rsquo;autres devraient suivre au cours de la soir\u00e9e.<\/p>\n<p>Quelques privil\u00e9gi\u00e9s ont pu assister \u00e0 un moment hors du temps sur la plage Dor\u00e9e de Sanary-sur-Mer (Var). Dans la nuit du mardi 19 au mercredi 20 ao\u00fbt, 58 b\u00e9b\u00e9s de <a href=\"https:\/\/www.bfmtv.com\/animaux\/video-une-tortue-caouanne-pond-sur-une-plage-varoise-un-festival-de-musique-contraint-a-demenager-pour-proteger-les-ufs_VN-202508050058.html\" title=\"Une tortue caouanne pond sur une plage varoise, un festival de musique contraint \u00e0 d\u00e9m\u00e9nager pour prot\u00e9ger les \u0153ufs\" class=\"internal_link\" rel=\"nofollow noopener\" target=\"_blank\">tortue Caouanne<\/a> sont n\u00e9s et ont rejoint la mer entre 20h30 et 1h30 du matin.<\/p>\n<p><img decoding=\"async\" loading=\"lazy\" width=\"1920\" height=\"1080\" src=\"https:\/\/www.europesays.com\/fr\/wp-content\/uploads\/2025\/08\/bebes-tortue-Sanary-2124754.jpg\"  alt=\"Les premiers tortillons sont sortis du sable vers 20h30 ce mardi 19 ao\u00fbt.\" title=\"Les premiers tortillons sont sortis du sable vers 20h30 ce mardi 19 ao\u00fbt.\"\/>Les premiers tortillons sont sortis du sable vers 20h30 ce mardi 19 ao\u00fbt. \u00a9 Geoffrey Gillet<\/p>\n<p><a href=\"https:\/\/www.bfmtv.com\/var\/une-tortue-marine-a-pondu-a-sanary-sur-mer-une-premiere-sur-le-littoral-mediterraneen-en-2025_AN-202506270614.html\" title=\"Une tortue marine a pondu \u00e0 Sanary-sur-Mer, une premi\u00e8re sur le littoral m\u00e9diterran\u00e9en en 2025\" class=\"internal_link\" rel=\"nofollow noopener\" target=\"_blank\">La m\u00e8re \u00e9tait venue d\u00e9poser ses \u0153ufs<\/a> sur la plage au cours de la nuit du 25 au 26 juin dernier. Il s&rsquo;agissait de la premi\u00e8re ponte du littoral m\u00e9diterran\u00e9en en 2025. Depuis ce lundi 18 ao\u00fbt, une surveillance \u00e9tait en cours sur cette plage, avec la mise en place d&rsquo;un chemin vers la mer.<\/p>\n<p>D&rsquo;autres naissances pr\u00e9vues dans le Var<\/p>\n<p>Ce mercredi matin, il restait encore quelques tortillons enfouis sous le sable. Ils attendent la tomb\u00e9e de la nuit pour sortir Le nid peut mettre encore potentiellement deux \u00e0 trois jours pour se vider compl\u00e8tement.<\/p>\n<p>D&rsquo;autres naissances de b\u00e9b\u00e9s tortues devraient avoir lieu dans le d\u00e9partement lors de ces prochaines semaines, <a href=\"https:\/\/www.bfmtv.com\/animaux\/un-moment-rare-et-precieux-une-tortue-caouanne-pond-sur-une-plage-du-var-pour-la-deuxieme-fois-en-15-jours_AN-202508040307.html\" title=\"&quot;Un moment rare et pr\u00e9cieux&quot;: une tortue caouanne pond sur une plage du Var pour la deuxi\u00e8me fois en 15 jours\" class=\"internal_link\" rel=\"nofollow noopener\" target=\"_blank\">notamment \u00e0 Cavalaire<\/a> o\u00f9 deux tortues Caouanne ont pondu dans la nuit du 22 au 23 juillet puis du 3 au 4 ao\u00fbt.<\/p>\n<p>Si vous assistez \u00e0 ce genre d&rsquo;\u00e9v\u00e9nement, des r\u00e8gles strictes sont \u00e0 respecter: ne pas utiliser pas de flash, pas de lumi\u00e8res, rester \u00e0 distance, \u00e9loigner son animal de compagnie et garder son calme.<\/p>\n<p>Tom Ferrara et L\u00e9a Roncaglione avec Mathias Fleury<\/p>\n","protected":false},"excerpt":{"rendered":"58 tortillons sont sortis du sable avant de rejoindre la mer, au cours de la nuit du mardi&hellip;\n","protected":false},"author":2,"featured_media":331306,"comment_status":"","ping_status":"","sticky":false,"template":"","format":"standard","meta":{"footnotes":""},"categories":[9619],"tags":[1111,11,1777,674,1011,27,12,882,25,2310],"class_list":{"0":"post-331305","1":"post","2":"type-post","3":"status-publish","4":"format-standard","5":"has-post-thumbnail","7":"category-toulon","8":"tag-actu","9":"tag-actualites","10":"tag-eu","11":"tag-europe","12":"tag-fr","13":"tag-france","14":"tag-news","15":"tag-provence-alpes-cote-dazur","16":"tag-republique-francaise","17":"tag-toulon"},"share_on_mastodon":{"url":"https:\/\/pubeurope.com\/@fr\/115060499017020390","error":""},"_links":{"self":[{"href":"https:\/\/www.europesays.com\/fr\/wp-json\/wp\/v2\/posts\/331305","targetHints":{"allow":["GET"]}}],"collection":[{"href":"https:\/\/www.europesays.com\/fr\/wp-json\/wp\/v2\/posts"}],"about":[{"href":"https:\/\/www.europesays.com\/fr\/wp-json\/wp\/v2\/types\/post"}],"author":[{"embeddable":true,"href":"https:\/\/www.europesays.com\/fr\/wp-json\/wp\/v2\/users\/2"}],"replies":[{"embeddable":true,"href":"https:\/\/www.europesays.com\/fr\/wp-json\/wp\/v2\/comments?post=331305"}],"version-history":[{"count":0,"href":"https:\/\/www.europesays.com\/fr\/wp-json\/wp\/v2\/posts\/331305\/revisions"}],"wp:featuredmedia":[{"embeddable":true,"href":"https:\/\/www.europesays.com\/fr\/wp-json\/wp\/v2\/media\/331306"}],"wp:attachment":[{"href":"https:\/\/www.europesays.com\/fr\/wp-json\/wp\/v2\/media?parent=331305"}],"wp:term":[{"taxonomy":"category","embeddable":true,"href":"https:\/\/www.europesays.com\/fr\/wp-json\/wp\/v2\/categories?post=331305"},{"taxonomy":"post_tag","embeddable":true,"href":"https:\/\/www.europesays.com\/fr\/wp-json\/wp\/v2\/tags?post=331305"}],"curies":[{"name":"wp","href":"https:\/\/api.w.org\/{rel}","templated":true}]}}