{"id":331307,"date":"2025-08-20T09:57:13","date_gmt":"2025-08-20T09:57:13","guid":{"rendered":"https:\/\/www.europesays.com\/fr\/331307\/"},"modified":"2025-08-20T09:57:13","modified_gmt":"2025-08-20T09:57:13","slug":"courtise-par-lubb-ou-toulon-jauneau-a-fait-un-choix-fort-pour-son-avenir","status":"publish","type":"post","link":"https:\/\/www.europesays.com\/fr\/331307\/","title":{"rendered":"courtis\u00e9 par l\u2019UBB ou Toulon, Jauneau a fait un choix fort pour son avenir !"},"content":{"rendered":"<p>Voil\u00e0 l\u2019un des dossiers chauds de l\u2019ann\u00e9e. Comme <a href=\"https:\/\/www.quinzemondial.com\/top-14\/montpellier-le-mhr-parvient-a-retenir-un-jeune-talent-face-aux-convoitises-818009\" rel=\"nofollow noopener\" target=\"_blank\">Lenni Nouchi<\/a>, une autre promesse du rugby fran\u00e7ais devait faire un choix pour son avenir. Baptiste Jauneau arrivait en fin de contrat avec Clermont en juin prochain, et les courtisans ne manquaient pas. De l\u2019Union Bordeaux-B\u00e8gles \u00e0 la Section Paloise en passant par le Rugby Club Toulonnais, plusieurs \u00e9curies \u00e9taient int\u00e9ress\u00e9es par l\u2019un des demis de m\u00eal\u00e9e les plus talentueux du Top 14.<\/p>\n<p>Deux ans de plus pour Jauneau<\/p>\n<p>N\u00e9anmoins, selon les informations de <a href=\"https:\/\/www.rugbyrama.fr\/2025\/08\/20\/transferts-top-14-info-midol-tres-sollicite-baptiste-jauneau-a-pris-sa-decision-sur-son-avenir-12884671.php\" rel=\"nofollow noopener\" target=\"_blank\">Midi Olympique<\/a>, Baptiste Jauneau aurait d\u00e9cid\u00e9 de prolonger l\u2019aventure avec son club formateur. Un contrat de deux saisons suppl\u00e9mentaires, soit jusqu\u2019en 2028, avec une revalorisation salariale l\u2019attend. Il pourra encore prendre de l\u2019exp\u00e9rience et de l\u2019\u00e9paisseur dans le vestiaire de l\u2019ASM pour tenter de les ramener au sommet.<\/p>\n<p>Partagez cette info avec vos amis et vos proches en cliquant ici<br \/>Pour r\u00e9sumer<\/p>\n<p>Selon les informations de Midi Olympique, Baptiste Jauneau a tranch\u00e9 pour son avenir. En fin de contrat \u00e0 l\u2019issue de la saison, l\u2019international fran\u00e7ais \u00e9tait courtis\u00e9 par de nombreuses \u00e9curies du Top 14, dont l\u2019UBB ou Toulon.<\/p>\n<p> <img decoding=\"async\" width=\"76\" height=\"76\" loading=\"lazy\" src=\"https:\/\/www.europesays.com\/fr\/wp-content\/uploads\/2025\/04\/avatar-quinze.png\" alt=\"Arnaud D\u00e9chelotte\"\/><\/p>\n","protected":false},"excerpt":{"rendered":"Voil\u00e0 l\u2019un des dossiers chauds de l\u2019ann\u00e9e. Comme Lenni Nouchi, une autre promesse du rugby fran\u00e7ais devait faire&hellip;\n","protected":false},"author":2,"featured_media":331308,"comment_status":"","ping_status":"","sticky":false,"template":"","format":"standard","meta":{"footnotes":""},"categories":[9619],"tags":[1111,11,1777,674,1011,27,12,882,25,2310],"class_list":{"0":"post-331307","1":"post","2":"type-post","3":"status-publish","4":"format-standard","5":"has-post-thumbnail","7":"category-toulon","8":"tag-actu","9":"tag-actualites","10":"tag-eu","11":"tag-europe","12":"tag-fr","13":"tag-france","14":"tag-news","15":"tag-provence-alpes-cote-dazur","16":"tag-republique-francaise","17":"tag-toulon"},"share_on_mastodon":{"url":"https:\/\/pubeurope.com\/@fr\/115060502965893463","error":""},"_links":{"self":[{"href":"https:\/\/www.europesays.com\/fr\/wp-json\/wp\/v2\/posts\/331307","targetHints":{"allow":["GET"]}}],"collection":[{"href":"https:\/\/www.europesays.com\/fr\/wp-json\/wp\/v2\/posts"}],"about":[{"href":"https:\/\/www.europesays.com\/fr\/wp-json\/wp\/v2\/types\/post"}],"author":[{"embeddable":true,"href":"https:\/\/www.europesays.com\/fr\/wp-json\/wp\/v2\/users\/2"}],"replies":[{"embeddable":true,"href":"https:\/\/www.europesays.com\/fr\/wp-json\/wp\/v2\/comments?post=331307"}],"version-history":[{"count":0,"href":"https:\/\/www.europesays.com\/fr\/wp-json\/wp\/v2\/posts\/331307\/revisions"}],"wp:featuredmedia":[{"embeddable":true,"href":"https:\/\/www.europesays.com\/fr\/wp-json\/wp\/v2\/media\/331308"}],"wp:attachment":[{"href":"https:\/\/www.europesays.com\/fr\/wp-json\/wp\/v2\/media?parent=331307"}],"wp:term":[{"taxonomy":"category","embeddable":true,"href":"https:\/\/www.europesays.com\/fr\/wp-json\/wp\/v2\/categories?post=331307"},{"taxonomy":"post_tag","embeddable":true,"href":"https:\/\/www.europesays.com\/fr\/wp-json\/wp\/v2\/tags?post=331307"}],"curies":[{"name":"wp","href":"https:\/\/api.w.org\/{rel}","templated":true}]}}