{"id":331311,"date":"2025-08-20T09:59:10","date_gmt":"2025-08-20T09:59:10","guid":{"rendered":"https:\/\/www.europesays.com\/fr\/331311\/"},"modified":"2025-08-20T09:59:10","modified_gmt":"2025-08-20T09:59:10","slug":"un-acteur-de-serie-victime-dun-vol-a-larrache-a-montpellier","status":"publish","type":"post","link":"https:\/\/www.europesays.com\/fr\/331311\/","title":{"rendered":"Un acteur de s\u00e9rie victime d&rsquo;un vol \u00e0 l&rsquo;arrach\u00e9 \u00e0 Montpellier"},"content":{"rendered":"<p>Un com\u00e9dien a \u00e9t\u00e9 victime d&rsquo;un vol \u00e0 l&rsquo;arrach\u00e9, lundi, \u00e0 Montpellier. Deux hommes lui ont vol\u00e9 sa cha\u00eene en or.<\/p>\n<p>Un acteur d&rsquo;une s\u00e9rie quotidienne a \u00e9t\u00e9 victime d&rsquo;une agression et d&rsquo;un vol \u00e0 l&rsquo;arrach\u00e9 dans le tram \u00e0 Montpellier. \u00c7a s&rsquo;est pass\u00e9 vers 23 heures lundi, au niveau du jardin du Peyrou.<\/p>\n<p>Au moment o\u00f9 il descend du tram de la ligne 4B, il se fait aborder par deux hommes d&rsquo;une trentaine d&rsquo;ann\u00e9es qui lui demandent o\u00f9 se trouve le stade Philippid\u00e8s et lui mettent le bras autour de l&rsquo;\u00e9paule.\u00a0Ils commencent \u00e0 le chahuter et m\u00eame \u00e0 lui donner plusieurs coups au ventre.<\/p>\n<p>L&rsquo;acteur sent qu&rsquo;on lui tire le cou et finit par partir pour retrouver un de ses amis. C&rsquo;est \u00e0 ce moment-l\u00e0 qu&rsquo;il se rend compte\u00a0qu&rsquo;il n&rsquo;a pas plus sa chaine en or autour du cou.<\/p>\n<p>L&rsquo;acteur a d\u00e9pos\u00e9 une plainte mardi 19 ao\u00fbt.<\/p>\n","protected":false},"excerpt":{"rendered":"Un com\u00e9dien a \u00e9t\u00e9 victime d&rsquo;un vol \u00e0 l&rsquo;arrach\u00e9, lundi, \u00e0 Montpellier. Deux hommes lui ont vol\u00e9 sa&hellip;\n","protected":false},"author":2,"featured_media":331312,"comment_status":"","ping_status":"","sticky":false,"template":"","format":"standard","meta":{"footnotes":""},"categories":[9599],"tags":[1111,11,1777,674,1011,27,2208,12,2680,25],"class_list":{"0":"post-331311","1":"post","2":"type-post","3":"status-publish","4":"format-standard","5":"has-post-thumbnail","7":"category-montpellier","8":"tag-actu","9":"tag-actualites","10":"tag-eu","11":"tag-europe","12":"tag-fr","13":"tag-france","14":"tag-montpellier","15":"tag-news","16":"tag-occitanie","17":"tag-republique-francaise"},"share_on_mastodon":{"url":"https:\/\/pubeurope.com\/@fr\/115060510853207731","error":""},"_links":{"self":[{"href":"https:\/\/www.europesays.com\/fr\/wp-json\/wp\/v2\/posts\/331311","targetHints":{"allow":["GET"]}}],"collection":[{"href":"https:\/\/www.europesays.com\/fr\/wp-json\/wp\/v2\/posts"}],"about":[{"href":"https:\/\/www.europesays.com\/fr\/wp-json\/wp\/v2\/types\/post"}],"author":[{"embeddable":true,"href":"https:\/\/www.europesays.com\/fr\/wp-json\/wp\/v2\/users\/2"}],"replies":[{"embeddable":true,"href":"https:\/\/www.europesays.com\/fr\/wp-json\/wp\/v2\/comments?post=331311"}],"version-history":[{"count":0,"href":"https:\/\/www.europesays.com\/fr\/wp-json\/wp\/v2\/posts\/331311\/revisions"}],"wp:featuredmedia":[{"embeddable":true,"href":"https:\/\/www.europesays.com\/fr\/wp-json\/wp\/v2\/media\/331312"}],"wp:attachment":[{"href":"https:\/\/www.europesays.com\/fr\/wp-json\/wp\/v2\/media?parent=331311"}],"wp:term":[{"taxonomy":"category","embeddable":true,"href":"https:\/\/www.europesays.com\/fr\/wp-json\/wp\/v2\/categories?post=331311"},{"taxonomy":"post_tag","embeddable":true,"href":"https:\/\/www.europesays.com\/fr\/wp-json\/wp\/v2\/tags?post=331311"}],"curies":[{"name":"wp","href":"https:\/\/api.w.org\/{rel}","templated":true}]}}