{"id":331313,"date":"2025-08-20T10:00:16","date_gmt":"2025-08-20T10:00:16","guid":{"rendered":"https:\/\/www.europesays.com\/fr\/331313\/"},"modified":"2025-08-20T10:00:16","modified_gmt":"2025-08-20T10:00:16","slug":"a-rouen-les-cambrioleurs-sont-surpris-les-bras-charges-de-bouteilles-de-vin","status":"publish","type":"post","link":"https:\/\/www.europesays.com\/fr\/331313\/","title":{"rendered":"\u00c0 Rouen, les cambrioleurs sont surpris les bras charg\u00e9s de bouteilles de vin"},"content":{"rendered":"<p>            Par<br \/>\n        <strong><br \/>\n            <a href=\"https:\/\/actu.fr\/auteur\/julien-bouteiller\" title=\"Consulter tous les articles de Julien Bouteiller\" rel=\"nofollow noopener\" target=\"_blank\">Julien Bouteiller<\/a><br \/>\n        <\/strong><\/p>\n<p>        Publi\u00e9 le<\/p>\n<p>            20 ao\u00fbt 2025 \u00e0 11h54        <\/p>\n<p><strong>Ils avaient fait une razzia dans la cave<\/strong>. Mardi 19 ao\u00fbt 2025, deux cambrioleurs ont \u00e9t\u00e9 surpris en plein m\u00e9fait \u00e0 <a href=\"https:\/\/actu.fr\/normandie\/rouen_76540\" rel=\"nofollow noopener\" target=\"_blank\">Rouen<\/a>, apprend-on de source polici\u00e8re.<\/p>\n<p>Surpris avec le plein de bouteilles<\/p>\n<p class=\" wall-content\"><strong>Il est environ 23h40<\/strong> quand la police est appel\u00e9e \u00e0 se rendre dans une maison de la rive droite, dont le propri\u00e9taire est absent. Sur place, les policiers \u00ab\u00a0voient de la lumi\u00e8re au rez-de-chauss\u00e9e et des lampes torches \u00e0 l\u2019\u00e9tage\u00a0\u00bb.<\/p>\n<p class=\" wall-content\">Ils constatent aussi que la porte a bien \u00e9tait forc\u00e9e. \u00c0 l\u2019int\u00e9rieur, \u00ab\u00a0il y a du d\u00e9sordre, tous les meubles ont \u00e9t\u00e9 fouill\u00e9s\u00a0\u00bb.<\/p>\n<p class=\" wall-content\">Les agents entendent alors du bruit dans la cave et se positionnent donc de sorte \u00e0 surprendre qui en sortira. Deux hommes en remontent, <strong>\u00ab\u00a0les bras pleins de bouteilles de vin\u00a0\u00bb.<\/strong><\/p>\n<p class=\" wall-content\">\u00c2g\u00e9s de 39 et 22 ans, les cambrioleurs sont donc en flagrant d\u00e9lit. Ils avaient \u00e9galement pr\u00e9par\u00e9 une valise <strong>pour emporter une fl\u00fbte et des vinyles<\/strong>. Ils sont interpell\u00e9s et plac\u00e9s en garde \u00e0 vue.<\/p>\n<p>Suivez l\u2019actualit\u00e9 de Rouen <a href=\"https:\/\/www.whatsapp.com\/channel\/0029VaKfnf99hXF2ddApFB1D\" rel=\"nofollow noopener\" target=\"_blank\">sur notre cha\u00eene WhatsApp<\/a> et <a href=\"https:\/\/www.tiktok.com\/@76actu.fr?lang=fr\" rel=\"nofollow noopener\" target=\"_blank\">sur notre compte TikTok<\/a><\/p>\n<p class=\" wall-content\">Personnalisez votre actualit\u00e9 en ajoutant vos villes et m\u00e9dias en favori avec <a href=\"https:\/\/moncompte.actu.fr\" title=\"D\u00e9couvez Mon Actu\" rel=\"nofollow noopener\" data-trk=\"{&quot;cta&quot;:{&quot;action&quot;:&quot;https:\\\/\\\/moncompte.actu.fr&quot;,&quot;category&quot;:&quot;mon compte&quot;,&quot;from&quot;:&quot;article footer&quot;,&quot;name&quot;:&quot;Mon actu&quot;,&quot;type&quot;:&quot;cta&quot;}}\" target=\"_blank\">Mon Actu<\/a>.<\/p>\n<p>                    <script async src=\"\/\/www.tiktok.com\/embed.js\"><\/script><\/p>\n","protected":false},"excerpt":{"rendered":"Par Julien Bouteiller Publi\u00e9 le 20 ao\u00fbt 2025 \u00e0 11h54 Ils avaient fait une razzia dans la cave.&hellip;\n","protected":false},"author":2,"featured_media":331314,"comment_status":"","ping_status":"","sticky":false,"template":"","format":"standard","meta":{"footnotes":""},"categories":[9587],"tags":[1111,11,1174,1777,674,118,1011,27,12,5161,1072,25,9590],"class_list":{"0":"post-331313","1":"post","2":"type-post","3":"status-publish","4":"format-standard","5":"has-post-thumbnail","7":"category-rouen","8":"tag-actu","9":"tag-actualites","10":"tag-cambriolage","11":"tag-eu","12":"tag-europe","13":"tag-faits-divers","14":"tag-fr","15":"tag-france","16":"tag-news","17":"tag-normandie","18":"tag-police","19":"tag-republique-francaise","20":"tag-rouen"},"share_on_mastodon":{"url":"https:\/\/pubeurope.com\/@fr\/115060514662364769","error":""},"_links":{"self":[{"href":"https:\/\/www.europesays.com\/fr\/wp-json\/wp\/v2\/posts\/331313","targetHints":{"allow":["GET"]}}],"collection":[{"href":"https:\/\/www.europesays.com\/fr\/wp-json\/wp\/v2\/posts"}],"about":[{"href":"https:\/\/www.europesays.com\/fr\/wp-json\/wp\/v2\/types\/post"}],"author":[{"embeddable":true,"href":"https:\/\/www.europesays.com\/fr\/wp-json\/wp\/v2\/users\/2"}],"replies":[{"embeddable":true,"href":"https:\/\/www.europesays.com\/fr\/wp-json\/wp\/v2\/comments?post=331313"}],"version-history":[{"count":0,"href":"https:\/\/www.europesays.com\/fr\/wp-json\/wp\/v2\/posts\/331313\/revisions"}],"wp:featuredmedia":[{"embeddable":true,"href":"https:\/\/www.europesays.com\/fr\/wp-json\/wp\/v2\/media\/331314"}],"wp:attachment":[{"href":"https:\/\/www.europesays.com\/fr\/wp-json\/wp\/v2\/media?parent=331313"}],"wp:term":[{"taxonomy":"category","embeddable":true,"href":"https:\/\/www.europesays.com\/fr\/wp-json\/wp\/v2\/categories?post=331313"},{"taxonomy":"post_tag","embeddable":true,"href":"https:\/\/www.europesays.com\/fr\/wp-json\/wp\/v2\/tags?post=331313"}],"curies":[{"name":"wp","href":"https:\/\/api.w.org\/{rel}","templated":true}]}}