{"id":331315,"date":"2025-08-20T10:03:15","date_gmt":"2025-08-20T10:03:15","guid":{"rendered":"https:\/\/www.europesays.com\/fr\/331315\/"},"modified":"2025-08-20T10:03:15","modified_gmt":"2025-08-20T10:03:15","slug":"pres-de-grenoble-la-piscine-de-cette-commune-obligee-de-fermer-voici-pourquoi","status":"publish","type":"post","link":"https:\/\/www.europesays.com\/fr\/331315\/","title":{"rendered":"Pr\u00e8s de Grenoble. La piscine de cette commune oblig\u00e9e de fermer, voici pourquoi"},"content":{"rendered":"<p>            Par<br \/>\n        <strong><br \/>\n            <a href=\"https:\/\/actu.fr\/auteur\/julien-sournies\" title=\"Consulter tous les articles de Julien Sournies\" target=\"_blank\" rel=\"noopener\">Julien Sournies<\/a><br \/>\n        <\/strong><\/p>\n<p>        Publi\u00e9 le<\/p>\n<p>            20 ao\u00fbt 2025 \u00e0 11h19        <\/p>\n<p>La <strong>piscine Flottibulle<\/strong> du Pont-de-Claix (<a href=\"https:\/\/actu.fr\/auvergne-rhone-alpes\/isere_38\" target=\"_blank\" rel=\"noopener\">Is\u00e8re<\/a>), au sud de <a href=\"https:\/\/actu.fr\/grenoble\/\" target=\"_blank\" rel=\"noopener\">Grenoble<\/a>, s\u2019appr\u00eate \u00e0 fermer momentan\u00e9ment ses portes au public.<\/p>\n<p class=\" wall-content\">Du<strong> lundi 25\u00a0ao\u00fbt au 13\u00a0octobre<\/strong> prochain, la piscine sera en effet inaccessible le temps de remplacer la centrale de traitement d\u2019air, explique la municipalit\u00e9 pontoise sur ses r\u00e9seaux sociaux.<\/p>\n<p>Un double b\u00e9n\u00e9fice<\/p>\n<p class=\" wall-content\">\u00ab\u2009Appareil indispensable au fonctionnement du centre aquatique, la centrale de traitement d\u2019air est ce qui permet de renouveler et d\u00e9shumidifier l\u2019air et de contr\u00f4ler la temp\u00e9rature\u2009\u00bb, poursuit la Ville.<\/p>\n<blockquote class=\"ac-article-quote wall-content\">\n<p>Son remplacement aura un double b\u00e9n\u00e9fice : am\u00e9liorer la qualit\u00e9 de l\u2019air \u00e0 l\u2019int\u00e9rieur du b\u00e2timent tout en optimisant la consommation d\u2019\u00e9nergie (50 et 20 % d\u2019\u00e9conomies attendues sur les consommations de chauffage et d\u2019\u00e9lectricit\u00e9).<\/p>\n<p>    <strong>Ville du Pont-de-Claix<\/strong>\n            <\/p><\/blockquote>\n<p>Une fermeture strat\u00e9gique<\/p>\n<p class=\" wall-content\">La municipalit\u00e9 indique \u00e9galement que les dates de travaux ont \u00e9t\u00e9 choisies pour faire en sorte que la piscine soit ouverte le plus tard possible dans l\u2019\u00e9t\u00e9 et en p\u00e9riodes de fortes chaleurs, sans pour autant avoir une fermeture trop longue pendant l\u2019ann\u00e9e scolaire, les bassins \u00e9tant utilis\u00e9s pour les cours de nage des enfants.<\/p>\n<p class=\" wall-content\">De surcro\u00eet, le parking de Flottibulle et les places de stationnement situ\u00e9es devant son portail seront par ailleurs <strong>inaccessibles<\/strong> les 21 et 22\u00a0ao\u00fbt ainsi que les 4 et 5\u00a0septembre.<\/p>\n<p class=\" wall-content\">Personnalisez votre actualit\u00e9 en ajoutant vos villes et m\u00e9dias en favori avec <a href=\"https:\/\/moncompte.actu.fr\" title=\"D\u00e9couvez Mon Actu\" rel=\"nofollow noopener\" data-trk=\"{&quot;cta&quot;:{&quot;action&quot;:&quot;https:\\\/\\\/moncompte.actu.fr&quot;,&quot;category&quot;:&quot;mon compte&quot;,&quot;from&quot;:&quot;article footer&quot;,&quot;name&quot;:&quot;Mon actu&quot;,&quot;type&quot;:&quot;cta&quot;}}\" target=\"_blank\">Mon Actu<\/a>.<\/p>\n","protected":false},"excerpt":{"rendered":"Par Julien Sournies Publi\u00e9 le 20 ao\u00fbt 2025 \u00e0 11h19 La piscine Flottibulle du Pont-de-Claix (Is\u00e8re), au sud&hellip;\n","protected":false},"author":2,"featured_media":331316,"comment_status":"","ping_status":"","sticky":false,"template":"","format":"standard","meta":{"footnotes":""},"categories":[9566],"tags":[1111,11,2430,1777,674,1011,27,2731,12,25,104,2086],"class_list":{"0":"post-331315","1":"post","2":"type-post","3":"status-publish","4":"format-standard","5":"has-post-thumbnail","7":"category-grenoble","8":"tag-actu","9":"tag-actualites","10":"tag-auvergne-rhone-alpes","11":"tag-eu","12":"tag-europe","13":"tag-fr","14":"tag-france","15":"tag-grenoble","16":"tag-news","17":"tag-republique-francaise","18":"tag-societe","19":"tag-travaux"},"share_on_mastodon":{"url":"https:\/\/pubeurope.com\/@fr\/115060526532796580","error":""},"_links":{"self":[{"href":"https:\/\/www.europesays.com\/fr\/wp-json\/wp\/v2\/posts\/331315","targetHints":{"allow":["GET"]}}],"collection":[{"href":"https:\/\/www.europesays.com\/fr\/wp-json\/wp\/v2\/posts"}],"about":[{"href":"https:\/\/www.europesays.com\/fr\/wp-json\/wp\/v2\/types\/post"}],"author":[{"embeddable":true,"href":"https:\/\/www.europesays.com\/fr\/wp-json\/wp\/v2\/users\/2"}],"replies":[{"embeddable":true,"href":"https:\/\/www.europesays.com\/fr\/wp-json\/wp\/v2\/comments?post=331315"}],"version-history":[{"count":0,"href":"https:\/\/www.europesays.com\/fr\/wp-json\/wp\/v2\/posts\/331315\/revisions"}],"wp:featuredmedia":[{"embeddable":true,"href":"https:\/\/www.europesays.com\/fr\/wp-json\/wp\/v2\/media\/331316"}],"wp:attachment":[{"href":"https:\/\/www.europesays.com\/fr\/wp-json\/wp\/v2\/media?parent=331315"}],"wp:term":[{"taxonomy":"category","embeddable":true,"href":"https:\/\/www.europesays.com\/fr\/wp-json\/wp\/v2\/categories?post=331315"},{"taxonomy":"post_tag","embeddable":true,"href":"https:\/\/www.europesays.com\/fr\/wp-json\/wp\/v2\/tags?post=331315"}],"curies":[{"name":"wp","href":"https:\/\/api.w.org\/{rel}","templated":true}]}}