{"id":331317,"date":"2025-08-20T10:04:14","date_gmt":"2025-08-20T10:04:14","guid":{"rendered":"https:\/\/www.europesays.com\/fr\/331317\/"},"modified":"2025-08-20T10:04:14","modified_gmt":"2025-08-20T10:04:14","slug":"un-poids-lourd-renverse-une-passante-de-70-ans-cette-derniere-perd-la-vie","status":"publish","type":"post","link":"https:\/\/www.europesays.com\/fr\/331317\/","title":{"rendered":"un poids lourd renverse une passante de 70 ans, cette derni\u00e8re perd la vie"},"content":{"rendered":"<p itemprop=\"description\"><strong>Le drame s\u2019est produit dans la commune de Saint-Martin-d\u2019H\u00e8res (Is\u00e8re).<\/strong><\/p>\n<p>Ce mardi 19 ao\u00fbt, aux alentours de 15h, un poids lourd, qui circulait sur l\u2019avenue Gabriel-P\u00e9ri, n\u2019a pas respect\u00e9 la r\u00e8gle du passage pi\u00e9ton. En effet, une femme \u00e2g\u00e9e de 70 ans traversait la voie et n\u2019a, a priori, pas \u00e9t\u00e9 aper\u00e7ue par le conducteur de camion, qui l\u2019a brutalement renvers\u00e9e.<\/p>\n<p>La septuag\u00e9naire, gravement bless\u00e9e \u00e0 une jambe, a imm\u00e9diatement \u00e9t\u00e9 prise en charge par les sapeurs-pompiers et une \u00e9quipe du Samu 38. Elle a \u00e9t\u00e9 transport\u00e9e ensuite au service de d\u00e9cochage du CHU Grenoble Alpes.<\/p>\n<p>Malheureusement, la victime a succomb\u00e9 \u00e0 ses blessures \u00e0 l\u2019h\u00f4pital. En ce qui concerne le conducteur, celui-ci n\u2019\u00e9tait ni sous l\u2019emprise de produits stup\u00e9fiants, ni alcoolis\u00e9.<\/p>\n","protected":false},"excerpt":{"rendered":"Le drame s\u2019est produit dans la commune de Saint-Martin-d\u2019H\u00e8res (Is\u00e8re). Ce mardi 19 ao\u00fbt, aux alentours de 15h,&hellip;\n","protected":false},"author":2,"featured_media":331318,"comment_status":"","ping_status":"","sticky":false,"template":"","format":"standard","meta":{"footnotes":""},"categories":[9566],"tags":[1111,11,7733,8279,2430,7736,650,7734,2889,2263,1777,674,1011,27,2731,8280,6417,1114,108,4662,12,3725,1825,25,7737],"class_list":{"0":"post-331317","1":"post","2":"type-post","3":"status-publish","4":"format-standard","5":"has-post-thumbnail","7":"category-grenoble","8":"tag-actu","9":"tag-actualites","10":"tag-alpes","11":"tag-alpes1","12":"tag-auvergne-rhone-alpes","13":"tag-cds","14":"tag-cinema","15":"tag-ecoute","16":"tag-emission","17":"tag-equipe","18":"tag-eu","19":"tag-europe","20":"tag-fr","21":"tag-france","22":"tag-grenoble","23":"tag-haute","24":"tag-information","25":"tag-infos","26":"tag-isere","27":"tag-journal","28":"tag-news","29":"tag-podcast","30":"tag-radio","31":"tag-republique-francaise","32":"tag-winamp"},"share_on_mastodon":{"url":"https:\/\/pubeurope.com\/@fr\/115060530399654373","error":""},"_links":{"self":[{"href":"https:\/\/www.europesays.com\/fr\/wp-json\/wp\/v2\/posts\/331317","targetHints":{"allow":["GET"]}}],"collection":[{"href":"https:\/\/www.europesays.com\/fr\/wp-json\/wp\/v2\/posts"}],"about":[{"href":"https:\/\/www.europesays.com\/fr\/wp-json\/wp\/v2\/types\/post"}],"author":[{"embeddable":true,"href":"https:\/\/www.europesays.com\/fr\/wp-json\/wp\/v2\/users\/2"}],"replies":[{"embeddable":true,"href":"https:\/\/www.europesays.com\/fr\/wp-json\/wp\/v2\/comments?post=331317"}],"version-history":[{"count":0,"href":"https:\/\/www.europesays.com\/fr\/wp-json\/wp\/v2\/posts\/331317\/revisions"}],"wp:featuredmedia":[{"embeddable":true,"href":"https:\/\/www.europesays.com\/fr\/wp-json\/wp\/v2\/media\/331318"}],"wp:attachment":[{"href":"https:\/\/www.europesays.com\/fr\/wp-json\/wp\/v2\/media?parent=331317"}],"wp:term":[{"taxonomy":"category","embeddable":true,"href":"https:\/\/www.europesays.com\/fr\/wp-json\/wp\/v2\/categories?post=331317"},{"taxonomy":"post_tag","embeddable":true,"href":"https:\/\/www.europesays.com\/fr\/wp-json\/wp\/v2\/tags?post=331317"}],"curies":[{"name":"wp","href":"https:\/\/api.w.org\/{rel}","templated":true}]}}