{"id":331319,"date":"2025-08-20T10:05:10","date_gmt":"2025-08-20T10:05:10","guid":{"rendered":"https:\/\/www.europesays.com\/fr\/331319\/"},"modified":"2025-08-20T10:05:10","modified_gmt":"2025-08-20T10:05:10","slug":"en-ille-et-vilaine-ce-festival-revient-pour-une-edition-intergenerationnelle-et-eco-responsable","status":"publish","type":"post","link":"https:\/\/www.europesays.com\/fr\/331319\/","title":{"rendered":"En Ille-et-Vilaine, ce festival revient pour une \u00e9dition interg\u00e9n\u00e9rationnelle et \u00e9co-responsable"},"content":{"rendered":"<p>Le B\u00e9ryl Festival s\u2019ancre \u00e0 Saint-Briac-sur-Mer, ce vendredi 22 et samedi 23 ao\u00fbt 2025. Un \u00e9v\u00e8nement musical interg\u00e9n\u00e9rationnel, \u00e9co-responsable, et 100 % autonome pour les besoins \u00e9lectriques.<\/p>\n<p>Le B\u00e9ryl Festival revient, jardin de la Roche Rouge, sur le Balcon d\u2019\u00c9meraude \u00e0 Saint-Briac-sur-mer pour une 3e \u00e9dition. Au programme : pop, \u00e9lectro, house, DJ sets\u2026 mais aussi un village sur l\u2019environnement, avec divers ateliers cr\u00e9atifs (paillettes, massage, tatouages, yoga et dessins).<\/p>\n<p>\u00ab On essaye de s\u2019inscrire dans une d\u00e9marche de d\u00e9veloppement durable avec un festival, aliment\u00e9 par l\u2019\u00e9nergie solaire, des circuits ultracourts, dont l\u2019impact carbone sera minime \u00bb, souligne Tristan Jouan, responsable des relations presse, qui a fait confiance \u00e0 la soci\u00e9t\u00e9 Eventera pour atteindre ses objectifs environnementaux. \u00ab Le but est aussi d\u2019inscrire ce rendez-vous dans la dur\u00e9e, en contribuant activement \u00e0 l\u2019enrichissement de l\u2019offre artistique de la commune \u00bb, poursuit Baptiste Rocca, cofondateur et directeur du festival depuis son lancement en 2018.<\/p>\n<p>Pr\u00e8s de 2 000 festivaliers esp\u00e9r\u00e9s<\/p>\n<p>En 2024, 1 300 personnes ont r\u00e9pondu pr\u00e9sentes. Cette ann\u00e9e encore, port\u00e9 par le vent du large, et plus de 50 b\u00e9n\u00e9voles, le festival poursuit son d\u00e9veloppement et esp\u00e8re \u00ab s\u00e9duire 2 000 festivaliers \u00bb, note Baptiste Rocca.<\/p>\n<p>Pens\u00e9 pour un public curieux, de tous \u00e2ges, le festival met \u00e0 l\u2019honneur la sc\u00e8ne \u00e9mergente des musiques actuelles, tout en valorisant les savoir-faire d\u2019artisans locaux, comme \u00ab Saveurs \u00bb programm\u00e9 ce vendredi \u00e0 18h30.<\/p>\n<p>Deux jours durant, concerts live et DJ sets se succ\u00e9deront dans une programmation \u00e9clectique pens\u00e9e pour rassembler familles et jeunes passionn\u00e9s. Les festivit\u00e9s commenceront cette fois d\u00e8s le vendredi de 16 h \u00e0 00 h 30 jusqu\u2018\u00a0au samedi de 14 h \u00e0 00 h 30.<\/p>\n<p>Au programme, ce vendredi 22 ao\u00fbt \u00e0 21 h, \u00ab Miel de montagne \u00bb, un artiste<\/p>\n<p>fran\u00e7ais m\u00ealant pop, folk et \u00e9lectronique. Samedi 23 ao\u00fbt \u00e0 22 h 30 : Greg, figure montante de la sc\u00e8ne \u00e9lectronique, r\u00e9sident chouchou du Rex Club \u00e0 Paris, une exp\u00e9rience sonore percussive et m\u00e9tiss\u00e9e. Autre coup de c\u0153ur : \u00ab Civile \u00bb, une chanteuse \u00e0 mi-chemin entre V\u00e9ronique Sanson et Myl\u00e8ne Farmer, se produira ce vendredi \u00e0 19 h 45.<\/p>\n<p>C\u00f4t\u00e9 restauration, une offre gourmande et locale attend encore les festivaliers : hu\u00eetres de la baie du Mont-Saint-Michel, galettes saucisse avec alternative v\u00e9g\u00e9, food trucks vari\u00e9s, bi\u00e8res et cidre locaux, vins et limonades bios, jus frais, club mat\u00e9\u2026<\/p>\n<p class=\"note\">Infos pratiques disponibles <a href=\"http:\/\/www.berylfestival.fr\/\" target=\"_blank\" rel=\"noopener\">sur le site internet du festival<\/a>. Pass 2 jours : 29,90 \u20ac, pass 1 jour : entre 19,90 \u20ac et 24,90 \u20ac, tarif r\u00e9duit demandeurs d\u2019emploi, gratuit pour les enfants jusqu\u2019\u00e0 12 ans.<\/p>\n","protected":false},"excerpt":{"rendered":"Le B\u00e9ryl Festival s\u2019ancre \u00e0 Saint-Briac-sur-Mer, ce vendredi 22 et samedi 23 ao\u00fbt 2025. Un \u00e9v\u00e8nement musical interg\u00e9n\u00e9rationnel,&hellip;\n","protected":false},"author":2,"featured_media":331320,"comment_status":"","ping_status":"","sticky":false,"template":"","format":"standard","meta":{"footnotes":""},"categories":[2821],"tags":[1111,11,829,24351,1777,674,3337,1011,27,848,12,584,25,46872],"class_list":{"0":"post-331319","1":"post","2":"type-post","3":"status-publish","4":"format-standard","5":"has-post-thumbnail","7":"category-rennes","8":"tag-actu","9":"tag-actualites","10":"tag-bretagne","11":"tag-dinard","12":"tag-eu","13":"tag-europe","14":"tag-festivals","15":"tag-fr","16":"tag-france","17":"tag-ille-et-vilaine","18":"tag-news","19":"tag-rennes","20":"tag-republique-francaise","21":"tag-saint-briac-sur-mer"},"share_on_mastodon":{"url":"https:\/\/pubeurope.com\/@fr\/115060534366170175","error":""},"_links":{"self":[{"href":"https:\/\/www.europesays.com\/fr\/wp-json\/wp\/v2\/posts\/331319","targetHints":{"allow":["GET"]}}],"collection":[{"href":"https:\/\/www.europesays.com\/fr\/wp-json\/wp\/v2\/posts"}],"about":[{"href":"https:\/\/www.europesays.com\/fr\/wp-json\/wp\/v2\/types\/post"}],"author":[{"embeddable":true,"href":"https:\/\/www.europesays.com\/fr\/wp-json\/wp\/v2\/users\/2"}],"replies":[{"embeddable":true,"href":"https:\/\/www.europesays.com\/fr\/wp-json\/wp\/v2\/comments?post=331319"}],"version-history":[{"count":0,"href":"https:\/\/www.europesays.com\/fr\/wp-json\/wp\/v2\/posts\/331319\/revisions"}],"wp:featuredmedia":[{"embeddable":true,"href":"https:\/\/www.europesays.com\/fr\/wp-json\/wp\/v2\/media\/331320"}],"wp:attachment":[{"href":"https:\/\/www.europesays.com\/fr\/wp-json\/wp\/v2\/media?parent=331319"}],"wp:term":[{"taxonomy":"category","embeddable":true,"href":"https:\/\/www.europesays.com\/fr\/wp-json\/wp\/v2\/categories?post=331319"},{"taxonomy":"post_tag","embeddable":true,"href":"https:\/\/www.europesays.com\/fr\/wp-json\/wp\/v2\/tags?post=331319"}],"curies":[{"name":"wp","href":"https:\/\/api.w.org\/{rel}","templated":true}]}}