{"id":331321,"date":"2025-08-20T10:06:15","date_gmt":"2025-08-20T10:06:15","guid":{"rendered":"https:\/\/www.europesays.com\/fr\/331321\/"},"modified":"2025-08-20T10:06:15","modified_gmt":"2025-08-20T10:06:15","slug":"les-5-joueurs-sur-le-depart-pour-atteindre-100-me-de-ventes","status":"publish","type":"post","link":"https:\/\/www.europesays.com\/fr\/331321\/","title":{"rendered":"les 5 joueurs sur le d\u00e9part pour atteindre 100 M\u20ac de ventes"},"content":{"rendered":"<p><strong>Le Stade Rennais n&rsquo;a pas encore boucl\u00e9 l&rsquo;imposant d\u00e9graissage de l&rsquo;effectif de Habib Beye. Le club breton envisage encore plusieurs d\u00e9parts d&rsquo;ici la fin du mercato estival.<\/strong><\/p>\n<p>En officialisant hier le pr\u00eat avec option d&rsquo;achat de Carlos Andres Gomez \u00e0 Vasco de Gama, le <strong>Stade Rennais<\/strong> a enregistr\u00e9 son 19e d\u00e9part du mercato estival. Un chiffre effrayant \u00e0 ce niveau qui a permis \u00e0 ce stade au club breton de r\u00e9cup\u00e9rer 87 M\u20ac gr\u00e2ce \u00e0 ses diff\u00e9rentes ventes. Premi\u00e8re d&rsquo;entre elles, celle de l&rsquo;attaquant fran\u00e7ais <strong>Arnaud Kalimuendo<\/strong>. C\u00e9d\u00e9 aux Anglais de Nottingham Forest pour 30 M\u20ac, l&rsquo;ancien Parisien a int\u00e9gr\u00e9 <a href=\"https:\/\/wesportfr.com\/mercato-rennes-le-top-10-des-meilleures-ventes-avec-arnaud-kalimuendo\/\" rel=\"nofollow noopener\" target=\"_blank\">le Top 10 des meilleures ventes du SRFC<\/a>.<\/p>\n<p><strong>\u00c0 lire aussi \u2013 <\/strong><a href=\"https:\/\/wesportfr.com\/mercato-rennes-les-3-attaquants-cibles-par-habib-beye-pour-succeder-a-arnaud-kalimuendo\/\" rel=\"nofollow noopener\" target=\"_blank\">Mercato Rennes : les 3 attaquants cibl\u00e9s par Habib Beye pour succ\u00e9der \u00e0 Arnaud Kalimuendo<\/a><\/p>\n<p>Faye \u00e9cart\u00e9 par Beye avant l&rsquo;OM<\/p>\n<p>Tombeur vendredi dernier de l&rsquo;Olympique de Marseille \u00e0 l&rsquo;occasion de la 1\u00e8re journ\u00e9e de <a href=\"https:\/\/wesportfr.com\/football\/ligue-1\/\" rel=\"nofollow noopener\" target=\"_blank\">Ligue 1<\/a> (1-0), Rennes ne compte pas en rester l\u00e0. Sans que ses dirigeants ne l&rsquo;affichent \u00e9videmment en place publique, <strong>le Stade Rennais peut pr\u00e9tendre \u00e0 terminer ce mercato estival en atteignant la barre symbolique des 100 M\u20ac de ventes<\/strong>. Et ce gr\u00e2ce aux d\u00e9parts de plusieurs joueurs susceptibles de rapporter un joli montant, m\u00eame si tous ne feront peut-\u00eatre pas leurs valises dans le cadre d&rsquo;un transfert d\u00e9finitif.<\/p>\n<p>Selon L&rsquo;Equipe, 5 Rennais sont encore susceptibles de partir d&rsquo;ici le lundi 1er septembre. En d\u00e9fense, le Stade Rennais pourrait se s\u00e9parer du lat\u00e9ral droit <strong>Hans Hateboer\u00a0<\/strong>(31 ans, 2026) et du d\u00e9fenseur central <strong>Mikayil Faye<\/strong> (21 ans, 2028). Recrut\u00e9 \u00e0 l&rsquo;\u00e9t\u00e9 2024, le N\u00e9erlandais valoris\u00e9 2,50 M\u20ac ne faisait pas partie du groupe retenu par Habib Beye face \u00e0 l&rsquo;OM. Convoit\u00e9 en Italie et Angleterre, le S\u00e9n\u00e9galais dont la valeur marchande est estim\u00e9e \u00e0 6 M\u20ac a lui \u00e9t\u00e9 \u00e9cart\u00e9 avant le match pour son retard au rassemblement.<\/p>\n<p><strong>\u00c0 lire aussi \u2013 <\/strong><a href=\"https:\/\/wesportfr.com\/mercato-rennes-pourquoi-le-srfc-se-trompe-en-forcant-le-dossier-esteban-lepaul\/\" rel=\"nofollow noopener\" target=\"_blank\">Mercato Rennes : Pourquoi le SRFC se trompe en for\u00e7ant le dossier Esteban Lepaul<\/a><\/p>\n<p>L&rsquo;Italie ou l&rsquo;Angleterre pour James ?<\/p>\n<p>Non convoqu\u00e9 contre l&rsquo;Olympique de Marseille, le milieu <strong>Glen Kamara\u00a0<\/strong>(29 ans, 2028) a \u00e9t\u00e9 un temps cibl\u00e9 par l&rsquo;Etoile Rouge de Belgrade mais l&rsquo;international finlandais (5 M\u20ac) ne croule pas sous les propositions. Autre milieu de terrain en partance, <strong>Jordan James<\/strong> (21 ans, 2028). Valoris\u00e9 8 M\u20ac, le Gallois pla\u00eet en Italie (Parme) et Angleterre (Championship). Enfin, un autre \u00e9l\u00e9ment offensif pourrait partir : <strong>Ibrahim Salah<\/strong> (23 ans, 2027).<\/p>\n<p>De retour au Roazhon Park au terme d&rsquo;un pr\u00eat de douze mois au Stade Brestois, le Marocain li\u00e9 \u00e0 une valeur marchande de 3 M\u20ac a disput\u00e9 les derni\u00e8res minutes de la rencontre contre les Phoc\u00e9ens, mais Habib Beye ne compte pas sur ses services. Ibrahim Salah a tap\u00e9 dans l&rsquo;\u0153il des Suisses du FC B\u00e2le, des Allemands de Hambourg et des Espagnols de Getafe.<\/p>\n","protected":false},"excerpt":{"rendered":"Le Stade Rennais n&rsquo;a pas encore boucl\u00e9 l&rsquo;imposant d\u00e9graissage de l&rsquo;effectif de Habib Beye. Le club breton envisage&hellip;\n","protected":false},"author":2,"featured_media":310378,"comment_status":"","ping_status":"","sticky":false,"template":"","format":"standard","meta":{"footnotes":""},"categories":[2821],"tags":[1111,11,829,1777,674,1011,27,12,584,25],"class_list":{"0":"post-331321","1":"post","2":"type-post","3":"status-publish","4":"format-standard","5":"has-post-thumbnail","7":"category-rennes","8":"tag-actu","9":"tag-actualites","10":"tag-bretagne","11":"tag-eu","12":"tag-europe","13":"tag-fr","14":"tag-france","15":"tag-news","16":"tag-rennes","17":"tag-republique-francaise"},"share_on_mastodon":{"url":"https:\/\/pubeurope.com\/@fr\/115060538313427064","error":""},"_links":{"self":[{"href":"https:\/\/www.europesays.com\/fr\/wp-json\/wp\/v2\/posts\/331321","targetHints":{"allow":["GET"]}}],"collection":[{"href":"https:\/\/www.europesays.com\/fr\/wp-json\/wp\/v2\/posts"}],"about":[{"href":"https:\/\/www.europesays.com\/fr\/wp-json\/wp\/v2\/types\/post"}],"author":[{"embeddable":true,"href":"https:\/\/www.europesays.com\/fr\/wp-json\/wp\/v2\/users\/2"}],"replies":[{"embeddable":true,"href":"https:\/\/www.europesays.com\/fr\/wp-json\/wp\/v2\/comments?post=331321"}],"version-history":[{"count":0,"href":"https:\/\/www.europesays.com\/fr\/wp-json\/wp\/v2\/posts\/331321\/revisions"}],"wp:featuredmedia":[{"embeddable":true,"href":"https:\/\/www.europesays.com\/fr\/wp-json\/wp\/v2\/media\/310378"}],"wp:attachment":[{"href":"https:\/\/www.europesays.com\/fr\/wp-json\/wp\/v2\/media?parent=331321"}],"wp:term":[{"taxonomy":"category","embeddable":true,"href":"https:\/\/www.europesays.com\/fr\/wp-json\/wp\/v2\/categories?post=331321"},{"taxonomy":"post_tag","embeddable":true,"href":"https:\/\/www.europesays.com\/fr\/wp-json\/wp\/v2\/tags?post=331321"}],"curies":[{"name":"wp","href":"https:\/\/api.w.org\/{rel}","templated":true}]}}