{"id":331322,"date":"2025-08-20T10:07:11","date_gmt":"2025-08-20T10:07:11","guid":{"rendered":"https:\/\/www.europesays.com\/fr\/331322\/"},"modified":"2025-08-20T10:07:11","modified_gmt":"2025-08-20T10:07:11","slug":"eurometropole-de-strasbourg-la-m35-compte-un-cinquieme-radar-depuis-cette-nuit","status":"publish","type":"post","link":"https:\/\/www.europesays.com\/fr\/331322\/","title":{"rendered":"Eurom\u00e9tropole de Strasbourg. La M35 compte un cinqui\u00e8me radar depuis cette nuit"},"content":{"rendered":"<p>Surprise ce matin pour les automobilistes qui circulaient sur la M35. Un nouveau radar discriminant a \u00e9t\u00e9 install\u00e9 dans la nuit du 19 au 20 ao\u00fbt, dans la travers\u00e9e de l&rsquo;Eurom\u00e9tropole de Strasbourg.<\/p>\n<p>Ce nouveau radar discriminant &#8211; capable de diff\u00e9rencier les cat\u00e9gories de v\u00e9hicules &#8211; est install\u00e9 sur le terre-plein central juste apr\u00e8s la sortie pour Bischheim et Schiltigheim, en direction de Strasbourg.<\/p>\n<p>Ce contenu est bloqu\u00e9 car vous n&rsquo;avez pas accept\u00e9 les cookies et autres traceurs.<\/p>\n<p>En cliquant sur \u00ab J\u2019accepte \u00bb, les cookies et autres traceurs seront d\u00e9pos\u00e9s et vous pourrez visualiser les contenus  (<a href=\"\" class=\"consentModule_policy\" target=\"_blank\" title=\"Consulter la politique de protection des donn\u00e9es du fournisseur\">plus d&rsquo;informations<\/a>).<\/p>\n<p>En cliquant sur \u00ab J\u2019accepte tous les cookies \u00bb, vous autorisez des d\u00e9p\u00f4ts de cookies et autres traceurs pour le stockage de vos donn\u00e9es sur nos sites et applications \u00e0 des fins de personnalisation et de ciblage publicitaire.<\/p>\n<p class=\"consentModule_secondaryText\">Vous gardez la possibilit\u00e9 de retirer votre consentement \u00e0 tout moment en consultant notre <a href=\"https:\/\/www.dna.fr\/protection-des-donnees\" target=\"_blank\" title=\"Consulter notre politique de protection des donn\u00e9es\" rel=\"nofollow noopener\">politique de protection des donn\u00e9es<\/a>. <br \/>&#13;<br \/>\n            <a href=\"https:\/\/www.dna.fr\/faits-divers-justice\/2025\/08\/20\/javascript:Didomi.notice.show()\" class=\"consentModule_cmp\" rel=\"nofollow noopener\" target=\"_blank\">G\u00e9rer mes choix<\/a>&#13;\n        <\/p>\n<p>&#13;<br \/>\n                        J&rsquo;accepte&#13;<br \/>\n            J&rsquo;accepte tous les cookies&#13;\n        <\/p>\n<p>Dans ce secteur, la vitesse est limit\u00e9e \u00e0 70 km\/h de 6 h \u00e0 19 h et \u00e0 90 km\/h de 19 h \u00e0 6 h (80 km\/h pour les poids lourds).<\/p>\n<p>Un cinqui\u00e8me radar sur la M35<\/p>\n<p>Le radar n&rsquo;est pas encore en service, la date n&rsquo;a pas \u00e9t\u00e9 communiqu\u00e9e. Les observateurs conseillent donc aux automobilistes de ne pas freiner brusquement dans la zone, sous peine de causer un accident.<\/p>\n<p>Ce sera sera le cinqui\u00e8me radar de la M35, dans sa travers\u00e9e de l&rsquo;Eurom\u00e9tropole. Les quatre autres sont situ\u00e9s \u00e0 :<\/p>\n<ul>\n<li>Souffelweyersheim, apr\u00e8s la sortie Mundolsheim &#8211; Reichstett (sens Paris &gt; Strasbourg) : 90 km\/h<\/li>\n<li>Souffelweyersheim, avant la sortie Mundolsheim &#8211; Reichstett (sens Strasbourg &gt; Paris) : 90 km\/h<\/li>\n<li>Strasbourg, \u00e0 hauteur du cimeti\u00e8re militaire (sens Strasbourg &gt; Colmar)\u00a0: 70 km\/h<\/li>\n<li>Geispolsheim avant l&rsquo;\u00e9changeur avec la M353 pour Geispolsheim et l&rsquo;a\u00e9roport (sens Colmar &gt; Strasbourg)\u00a0: 90 km\/h pour les v\u00e9hicule l\u00e9ger et 80 km\/h pour les poids lourds.<\/li>\n<\/ul>\n","protected":false},"excerpt":{"rendered":"Surprise ce matin pour les automobilistes qui circulaient sur la M35. Un nouveau radar discriminant a \u00e9t\u00e9 install\u00e9&hellip;\n","protected":false},"author":2,"featured_media":331323,"comment_status":"","ping_status":"","sticky":false,"template":"","format":"standard","meta":{"footnotes":""},"categories":[2820],"tags":[1111,11,2649,2880,1777,674,274,107,1011,27,775,12,25,640],"class_list":{"0":"post-331322","1":"post","2":"type-post","3":"status-publish","4":"format-standard","5":"has-post-thumbnail","7":"category-strasbourg","8":"tag-actu","9":"tag-actualites","10":"tag-bas-rhin","11":"tag-edition-strasbourg","12":"tag-eu","13":"tag-europe","14":"tag-faits-divers-justice","15":"tag-fil-info","16":"tag-fr","17":"tag-france","18":"tag-grand-est","19":"tag-news","20":"tag-republique-francaise","21":"tag-strasbourg"},"share_on_mastodon":{"url":"https:\/\/pubeurope.com\/@fr\/115060542311460733","error":""},"_links":{"self":[{"href":"https:\/\/www.europesays.com\/fr\/wp-json\/wp\/v2\/posts\/331322","targetHints":{"allow":["GET"]}}],"collection":[{"href":"https:\/\/www.europesays.com\/fr\/wp-json\/wp\/v2\/posts"}],"about":[{"href":"https:\/\/www.europesays.com\/fr\/wp-json\/wp\/v2\/types\/post"}],"author":[{"embeddable":true,"href":"https:\/\/www.europesays.com\/fr\/wp-json\/wp\/v2\/users\/2"}],"replies":[{"embeddable":true,"href":"https:\/\/www.europesays.com\/fr\/wp-json\/wp\/v2\/comments?post=331322"}],"version-history":[{"count":0,"href":"https:\/\/www.europesays.com\/fr\/wp-json\/wp\/v2\/posts\/331322\/revisions"}],"wp:featuredmedia":[{"embeddable":true,"href":"https:\/\/www.europesays.com\/fr\/wp-json\/wp\/v2\/media\/331323"}],"wp:attachment":[{"href":"https:\/\/www.europesays.com\/fr\/wp-json\/wp\/v2\/media?parent=331322"}],"wp:term":[{"taxonomy":"category","embeddable":true,"href":"https:\/\/www.europesays.com\/fr\/wp-json\/wp\/v2\/categories?post=331322"},{"taxonomy":"post_tag","embeddable":true,"href":"https:\/\/www.europesays.com\/fr\/wp-json\/wp\/v2\/tags?post=331322"}],"curies":[{"name":"wp","href":"https:\/\/api.w.org\/{rel}","templated":true}]}}