{"id":331324,"date":"2025-08-20T10:08:20","date_gmt":"2025-08-20T10:08:20","guid":{"rendered":"https:\/\/www.europesays.com\/fr\/331324\/"},"modified":"2025-08-20T10:08:20","modified_gmt":"2025-08-20T10:08:20","slug":"un-nouveau-radar-a-fait-son-apparition-sur-la-m35-vers-strasbourg","status":"publish","type":"post","link":"https:\/\/www.europesays.com\/fr\/331324\/","title":{"rendered":"un nouveau radar a fait son apparition sur la M35 vers Strasbourg"},"content":{"rendered":"<p>    <img loading=\"lazy\" width=\"1800\" height=\"900\" src=\"https:\/\/www.europesays.com\/fr\/wp-content\/uploads\/2025\/04\/jeanne-callthepolice.jpg\" class=\"attachment-full size-full\" alt=\"\" id=\"imageLove\" decoding=\"async\"  \/><\/p>\n<p id=\"breadcrumbs\"><a href=\"https:\/\/pokaa.fr\/\" target=\"_blank\" rel=\"noopener\">Accueil<\/a> \/ <a href=\"https:\/\/pokaa.fr\/categories\/actu\/\" target=\"_blank\" rel=\"noopener\">Info locale<\/a> \/ Surprise : un nouveau radar a fait son apparition sur la M35 vers Strasbourg<\/p>\n<p>                    Info locale<\/p>\n<p class=\"p1\"><b>Dans la nuit du 19 au 20 ao\u00fbt, un nouveau radar fixe tourelle a \u00e9t\u00e9 install\u00e9 sur la M35. Il est situ\u00e9 dans le sens Paris-Strasbourg, juste \u00e0 c\u00f4t\u00e9 du radar de covoiturage de Schiltigheim. Au moment o\u00f9 est \u00e9crit cet article, il ne semble pas \u00eatre en service.<\/b><\/p>\n<p class=\"p1\">Les automobilistes rentrant vers Strasbourg ont pu avoir une petite surprise ce matin. <strong>Alors que la voie de gauche de la M35 au niveau de Schiltigheim dans le sens Paris-Strasbourg \u00e9tait neutralis\u00e9e pour travaux la nuit du 19 ao\u00fbt<\/strong>, les automobilistes ont pu en voir les r\u00e9sultats d\u00e8s le lendemain.<\/p>\n<p class=\"p1\"><a href=\"https:\/\/www.facebook.com\/ITBR67\/posts\/pfbid07KFcvAUVNZdKjQXhT9ADfYygAcEgDbYxU2Lu5gdxpv4fZWT3yy2c5DEM6R9RdVQhl?__cft__%5B0%5D=AZW1QYBkzatN06hRTzEtTjTgjcdMpZ6sI-BZ6XBqCUZ5yrKf8w9mx67pxzabUBNEmizHo04_FPnCt2j-vmOln-s5DCFDsGw8hm0eiErrYQM2qX0B_c_3t-qf2aBLH3yEQ-pXNRQgwbWxoBNR3qJuJYba6IjfEH8pFZMAZJcfhqD33iDDV_trADJhZqKGhTe4Qcs&amp;__tn__=,O,P-R\" target=\"_blank\" rel=\"noopener\">Selon Info Trafic Bas-Rhin<\/a>, <strong>un nouveau radar fixe tourelle a fait son apparition au niveau de Schiltigheim<\/strong>, rejoignant une liste d\u00e9sormais compos\u00e9e de 18 radars sur Strasbourg et ses alentours.<\/p>\n<p>                <a href=\"https:\/\/pokaa.fr\/2024\/09\/22\/souriez-vous-etes-flashees-ou-se-trouvent-les-17-radars-de-strasbourg-et-ses-alentours\/\" target=\"_blank\" rel=\"noopener\"><br \/>\n                    <img width=\"450\" height=\"270\" src=\"https:\/\/www.europesays.com\/fr\/wp-content\/uploads\/2025\/08\/radars-450x270.png\" class=\"attachment-card-horizontal--same-subject size-card-horizontal--same-subject wp-post-image\" alt=\"\" decoding=\"async\" loading=\"lazy\"\/>                <\/a><\/p>\n<p>                <img width=\"484\" height=\"500\" src=\"https:\/\/www.europesays.com\/fr\/wp-content\/uploads\/2025\/08\/capture-decran-2025-08-20-a-100740-484x500.png\" class=\"attachment-gallery size-gallery\" alt=\"info trafic\" data-full-url=\"https:\/\/pokaa.fr\/wp-content\/uploads\/2025\/08\/20\/capture-decran-2025-08-20-a-100740.png\" decoding=\"async\" loading=\"lazy\"  \/>            <\/p>\n<p>                <img width=\"753\" height=\"500\" src=\"https:\/\/www.europesays.com\/fr\/wp-content\/uploads\/2025\/08\/cars-city-drive-driver-guidance-light-mirror-outdoors-987256jpgd-753x500.jpeg\" class=\"attachment-gallery size-gallery\" alt=\"embouteillage voiture circulation\" data-full-url=\"https:\/\/pokaa.fr\/wp-content\/uploads\/2025\/02\/14\/cars-city-drive-driver-guidance-light-mirror-outdoors-987256jpgd.jpeg\" decoding=\"async\" loading=\"lazy\"  \/>            <\/p>\n<p>                    1. \u00a9 Info Trafic Bas-Rhin \/ Capture d&rsquo;\u00e9cran ; 2. \u00a9 Auteur inconnu &#8211; Pxhere \/ Photo d&rsquo;illustration<\/p>\n<p>Un radar fixe tourelle situ\u00e9 juste \u00e0 c\u00f4t\u00e9 du radar thermique<\/p>\n<p class=\"p1\">Toujours selon Info Trafic Bas-Rhin, <b>le radar est apparu entre les glissi\u00e8res centrales de la M35, dans le sens Paris-Strasbourg<\/b>. Install\u00e9 \u00e0 3 km des radars fixes de Souffelweyersheim et de Cronenbourg, il contr\u00f4lera la vitesse du secteur, qui est de 70km\/h entre 6h et 19h, et de 90km\/h entre 19h et 6h. Enfin, il est discriminant, ce qui signifie qu\u2019il sait faire la diff\u00e9rence entre poids lourds et voitures, avec les limitations de vitesse associ\u00e9es.<\/p>\n<p class=\"p1\">Pour la petite anecdote,<b> il est situ\u00e9 juste \u00e0 c\u00f4t\u00e9 du radar thermique, contr\u00f4lant la voie de covoiturage<\/b>. Et si, selon Info Trafic Bas-Rhin, il n\u2019est pas encore mis en service, il a d\u00e9j\u00e0 caus\u00e9 quelques ralentissements de la circulation dans la matin\u00e9e.<\/p>\n<p>                <a href=\"https:\/\/pokaa.fr\/2024\/03\/20\/135-e-damende-le-deuxieme-radar-de-covoiturage-a-ete-installe-sur-la-m35\/\" target=\"_blank\" rel=\"noopener\"><br \/>\n                    <img width=\"450\" height=\"270\" src=\"https:\/\/www.europesays.com\/fr\/wp-content\/uploads\/2025\/08\/dsc-1213-450x270.jpg\" class=\"attachment-card-horizontal--same-subject size-card-horizontal--same-subject wp-post-image\" alt=\"\" decoding=\"async\" loading=\"lazy\"\/>                <\/a><\/p>\n","protected":false},"excerpt":{"rendered":"Accueil \/ Info locale \/ Surprise : un nouveau radar a fait son apparition sur la M35 vers&hellip;\n","protected":false},"author":2,"featured_media":331325,"comment_status":"","ping_status":"","sticky":false,"template":"","format":"standard","meta":{"footnotes":""},"categories":[2820],"tags":[1111,11,7087,1777,674,1011,27,775,46873,12,27760,25,640],"class_list":{"0":"post-331324","1":"post","2":"type-post","3":"status-publish","4":"format-standard","5":"has-post-thumbnail","7":"category-strasbourg","8":"tag-actu","9":"tag-actualites","10":"tag-amende","11":"tag-eu","12":"tag-europe","13":"tag-fr","14":"tag-france","15":"tag-grand-est","16":"tag-m35","17":"tag-news","18":"tag-radar","19":"tag-republique-francaise","20":"tag-strasbourg"},"share_on_mastodon":{"url":"https:\/\/pubeurope.com\/@fr\/115060546487312602","error":""},"_links":{"self":[{"href":"https:\/\/www.europesays.com\/fr\/wp-json\/wp\/v2\/posts\/331324","targetHints":{"allow":["GET"]}}],"collection":[{"href":"https:\/\/www.europesays.com\/fr\/wp-json\/wp\/v2\/posts"}],"about":[{"href":"https:\/\/www.europesays.com\/fr\/wp-json\/wp\/v2\/types\/post"}],"author":[{"embeddable":true,"href":"https:\/\/www.europesays.com\/fr\/wp-json\/wp\/v2\/users\/2"}],"replies":[{"embeddable":true,"href":"https:\/\/www.europesays.com\/fr\/wp-json\/wp\/v2\/comments?post=331324"}],"version-history":[{"count":0,"href":"https:\/\/www.europesays.com\/fr\/wp-json\/wp\/v2\/posts\/331324\/revisions"}],"wp:featuredmedia":[{"embeddable":true,"href":"https:\/\/www.europesays.com\/fr\/wp-json\/wp\/v2\/media\/331325"}],"wp:attachment":[{"href":"https:\/\/www.europesays.com\/fr\/wp-json\/wp\/v2\/media?parent=331324"}],"wp:term":[{"taxonomy":"category","embeddable":true,"href":"https:\/\/www.europesays.com\/fr\/wp-json\/wp\/v2\/categories?post=331324"},{"taxonomy":"post_tag","embeddable":true,"href":"https:\/\/www.europesays.com\/fr\/wp-json\/wp\/v2\/tags?post=331324"}],"curies":[{"name":"wp","href":"https:\/\/api.w.org\/{rel}","templated":true}]}}