{"id":331326,"date":"2025-08-20T10:09:09","date_gmt":"2025-08-20T10:09:09","guid":{"rendered":"https:\/\/www.europesays.com\/fr\/331326\/"},"modified":"2025-08-20T10:09:09","modified_gmt":"2025-08-20T10:09:09","slug":"les-orages-forts-arrivent-a-nice-et-dans-les-alpes-maritimes-la-vigilance-activee","status":"publish","type":"post","link":"https:\/\/www.europesays.com\/fr\/331326\/","title":{"rendered":"Les orages \u00ab\u00a0forts\u00a0\u00bb arrivent \u00e0 Nice et dans les Alpes-Maritimes : la vigilance activ\u00e9e"},"content":{"rendered":"<p>            Par<br \/>\n        <strong><br \/>\n            <a href=\"https:\/\/actu.fr\/auteur\/ugo-maillard\" title=\"Consulter tous les articles de Ugo Maillard\" rel=\"nofollow noopener\" target=\"_blank\">Ugo Maillard<\/a><br \/>\n        <\/strong><\/p>\n<p>        Publi\u00e9 le<\/p>\n<p>            20 ao\u00fbt 2025 \u00e0 12h00        <\/p>\n<p>La fin de la <a href=\"https:\/\/actu.fr\/tag\/canicule\" rel=\"nofollow noopener\" target=\"_blank\">canicule<\/a> est act\u00e9e et laisse place aux orages sur la C\u00f4te d\u2019Azur. Le d\u00e9partement des <a href=\"https:\/\/actu.fr\/provence-alpes-cote-d-azur\/alpes-maritimes_06\" rel=\"nofollow noopener\" target=\"_blank\">Alpes-Maritimes<\/a> est plac\u00e9 en<strong> vigilance jaune aux orages<\/strong> ce mercredi 20\u00a0ao\u00fbt 2025. Une vigilance activ\u00e9e d\u00e8s ce matin et qui ne sera lev\u00e9e qu\u2019\u00e0 21h.<\/p>\n<p class=\" wall-content\">Voici les pr\u00e9visions pour les prochaines heures \u00e0 <a href=\"https:\/\/actu.fr\/nice\/\" rel=\"nofollow noopener\" target=\"_blank\">Nice<\/a> et dans le d\u00e9partement.<\/p>\n<p>Des orages \u00ab\u2009forts\u2009\u00bb \u00e0 Nice<\/p>\n<p class=\" wall-content\">Ce mercredi, les donn\u00e9es m\u00e9t\u00e9orologiques indiquent que la ville de Nice sera balay\u00e9e par des <strong>averses<\/strong>, des <strong>orages<\/strong> et des <strong>vents violents<\/strong>.<\/p>\n<p class=\" wall-content\">\u00ab\u2009La commune de Nice est expos\u00e9e aujourd\u2019hui et la nuit prochaine \u00e0 un risque d\u2019orages parfois forts\u2009\u00bb, indique Keraunos, l\u2019observatoire fran\u00e7ais des orages et des tornades.<\/p>\n<p class=\" wall-content\">\u00c0 l\u2019\u00e9chelle du d\u00e9partement, les conditions m\u00e9t\u00e9orologiques seront similaires puisque des orages et des averses sont \u00e9galement annonc\u00e9s.<\/p>\n<p>Les parcs et jardins ferm\u00e9s \u00e0 Nice<\/p>\n<p class=\" wall-content\">Afin d\u2019assurer la s\u00e9curit\u00e9 de toutes et tous, <a href=\"https:\/\/actu.fr\/tag\/christian-estrosi\" rel=\"nofollow noopener\" target=\"_blank\">Christian Estrosi<\/a>, maire de Nice, et ses services ont d\u00e9cid\u00e9 de fermer plusieurs lieux.<\/p>\n<ul class=\" wall-content\">\n<li>L\u2019ensemble des parcs et jardins de la ville<\/li>\n<li>Le sentier du littoral<\/li>\n<\/ul>\n<p>Votre r\u00e9gion, votre actu !<\/p>\n<p>Recevez chaque jour les infos qui comptent pour vous.<\/p>\n<p>\t<a href=\"https:\/\/actu.fr\/newsletter\" class=\"ac-btn ac-btn--corner ac-btn--medium ac-btn--blue800\" rel=\"nofollow noopener\" target=\"_blank\">S&rsquo;incrire<\/a><\/p>\n<p class=\" wall-content\">Cette fermeture est effective depuis 11h.<\/p>\n<p class=\" wall-content\">Personnalisez votre actualit\u00e9 en ajoutant vos villes et m\u00e9dias en favori avec <a href=\"https:\/\/moncompte.actu.fr\" title=\"D\u00e9couvez Mon Actu\" rel=\"nofollow noopener\" data-trk=\"{&quot;cta&quot;:{&quot;action&quot;:&quot;https:\\\/\\\/moncompte.actu.fr&quot;,&quot;category&quot;:&quot;mon compte&quot;,&quot;from&quot;:&quot;article footer&quot;,&quot;name&quot;:&quot;Mon actu&quot;,&quot;type&quot;:&quot;cta&quot;}}\" target=\"_blank\">Mon Actu<\/a>.<\/p>\n","protected":false},"excerpt":{"rendered":"Par Ugo Maillard Publi\u00e9 le 20 ao\u00fbt 2025 \u00e0 12h00 La fin de la canicule est act\u00e9e et&hellip;\n","protected":false},"author":2,"featured_media":283778,"comment_status":"","ping_status":"","sticky":false,"template":"","format":"standard","meta":{"footnotes":""},"categories":[2819],"tags":[1111,11,1777,674,1011,27,2487,2357,12,2401,4594,882,25],"class_list":{"0":"post-331326","1":"post","2":"type-post","3":"status-publish","4":"format-standard","5":"has-post-thumbnail","7":"category-nice","8":"tag-actu","9":"tag-actualites","10":"tag-eu","11":"tag-europe","12":"tag-fr","13":"tag-france","14":"tag-meteo","15":"tag-meteo-france","16":"tag-news","17":"tag-nice","18":"tag-orages","19":"tag-provence-alpes-cote-dazur","20":"tag-republique-francaise"},"share_on_mastodon":{"url":"https:\/\/pubeurope.com\/@fr\/115060550121725147","error":""},"_links":{"self":[{"href":"https:\/\/www.europesays.com\/fr\/wp-json\/wp\/v2\/posts\/331326","targetHints":{"allow":["GET"]}}],"collection":[{"href":"https:\/\/www.europesays.com\/fr\/wp-json\/wp\/v2\/posts"}],"about":[{"href":"https:\/\/www.europesays.com\/fr\/wp-json\/wp\/v2\/types\/post"}],"author":[{"embeddable":true,"href":"https:\/\/www.europesays.com\/fr\/wp-json\/wp\/v2\/users\/2"}],"replies":[{"embeddable":true,"href":"https:\/\/www.europesays.com\/fr\/wp-json\/wp\/v2\/comments?post=331326"}],"version-history":[{"count":0,"href":"https:\/\/www.europesays.com\/fr\/wp-json\/wp\/v2\/posts\/331326\/revisions"}],"wp:featuredmedia":[{"embeddable":true,"href":"https:\/\/www.europesays.com\/fr\/wp-json\/wp\/v2\/media\/283778"}],"wp:attachment":[{"href":"https:\/\/www.europesays.com\/fr\/wp-json\/wp\/v2\/media?parent=331326"}],"wp:term":[{"taxonomy":"category","embeddable":true,"href":"https:\/\/www.europesays.com\/fr\/wp-json\/wp\/v2\/categories?post=331326"},{"taxonomy":"post_tag","embeddable":true,"href":"https:\/\/www.europesays.com\/fr\/wp-json\/wp\/v2\/tags?post=331326"}],"curies":[{"name":"wp","href":"https:\/\/api.w.org\/{rel}","templated":true}]}}