{"id":331327,"date":"2025-08-20T10:10:09","date_gmt":"2025-08-20T10:10:09","guid":{"rendered":"https:\/\/www.europesays.com\/fr\/331327\/"},"modified":"2025-08-20T10:10:09","modified_gmt":"2025-08-20T10:10:09","slug":"la-ville-de-nice-ferme-ses-parcs-ses-jardins-et-le-sentier-du-littoral-en-raison-des-orages","status":"publish","type":"post","link":"https:\/\/www.europesays.com\/fr\/331327\/","title":{"rendered":"La ville de Nice ferme ses parcs, ses jardins et le sentier du littoral en raison des orages"},"content":{"rendered":"<p>Par mesure de pr\u00e9vention face aux orages, la mairie de Nice a d\u00e9cid\u00e9 de fermer ses parcs, ses jardins et le sentier du littoral, ce mercredi 20 ao\u00fbt.<\/p>\n<p>Les nuages pr\u00e9sents sur le littoral m\u00e9diterran\u00e9en. L&rsquo;ensemble de la r\u00e9gion Provence-Alpes-C\u00f4te d&rsquo;Azur est plac\u00e9e en <a href=\"https:\/\/vigilance.meteofrance.fr\/fr\/alpes-maritimes\" target=\"_blank\" class=\"external_link\" rel=\"nofollow noopener\">vigilance jaune orages<\/a> tout au long de la journ\u00e9e de ce mercredi 20 ao\u00fbt.<\/p>\n<p>En cons\u00e9quence, la mairie de Nice annonce dans un communiqu\u00e9 que les parcs et jardins de la ville resteront ferm\u00e9s. La m\u00eame d\u00e9cision a \u00e9t\u00e9 prise pour le sentier du littoral.<\/p>\n<p>\u00ab\u00a0Sur le littoral, des rafales de 60 \u00e0 80 km\/h sont attendues, des pluies de 40 \u00e0 60 mm, et localement de la gr\u00eale\u00a0\u00bb, rappelle la mairie.<\/p>\n<p>La municipalit\u00e9 appelle \u00e0 limiter ses d\u00e9placements, \u00e9viter les bords de plage ou encore \u00e0 ne pas s&rsquo;abriter sous les arbres durant ces intemp\u00e9ries.<\/p>\n","protected":false},"excerpt":{"rendered":"Par mesure de pr\u00e9vention face aux orages, la mairie de Nice a d\u00e9cid\u00e9 de fermer ses parcs, ses&hellip;\n","protected":false},"author":2,"featured_media":175443,"comment_status":"","ping_status":"","sticky":false,"template":"","format":"standard","meta":{"footnotes":""},"categories":[2819],"tags":[1111,11,1777,674,1011,27,12,2401,882,25],"class_list":{"0":"post-331327","1":"post","2":"type-post","3":"status-publish","4":"format-standard","5":"has-post-thumbnail","7":"category-nice","8":"tag-actu","9":"tag-actualites","10":"tag-eu","11":"tag-europe","12":"tag-fr","13":"tag-france","14":"tag-news","15":"tag-nice","16":"tag-provence-alpes-cote-dazur","17":"tag-republique-francaise"},"share_on_mastodon":{"url":"https:\/\/pubeurope.com\/@fr\/115060554007212578","error":""},"_links":{"self":[{"href":"https:\/\/www.europesays.com\/fr\/wp-json\/wp\/v2\/posts\/331327","targetHints":{"allow":["GET"]}}],"collection":[{"href":"https:\/\/www.europesays.com\/fr\/wp-json\/wp\/v2\/posts"}],"about":[{"href":"https:\/\/www.europesays.com\/fr\/wp-json\/wp\/v2\/types\/post"}],"author":[{"embeddable":true,"href":"https:\/\/www.europesays.com\/fr\/wp-json\/wp\/v2\/users\/2"}],"replies":[{"embeddable":true,"href":"https:\/\/www.europesays.com\/fr\/wp-json\/wp\/v2\/comments?post=331327"}],"version-history":[{"count":0,"href":"https:\/\/www.europesays.com\/fr\/wp-json\/wp\/v2\/posts\/331327\/revisions"}],"wp:featuredmedia":[{"embeddable":true,"href":"https:\/\/www.europesays.com\/fr\/wp-json\/wp\/v2\/media\/175443"}],"wp:attachment":[{"href":"https:\/\/www.europesays.com\/fr\/wp-json\/wp\/v2\/media?parent=331327"}],"wp:term":[{"taxonomy":"category","embeddable":true,"href":"https:\/\/www.europesays.com\/fr\/wp-json\/wp\/v2\/categories?post=331327"},{"taxonomy":"post_tag","embeddable":true,"href":"https:\/\/www.europesays.com\/fr\/wp-json\/wp\/v2\/tags?post=331327"}],"curies":[{"name":"wp","href":"https:\/\/api.w.org\/{rel}","templated":true}]}}