{"id":331337,"date":"2025-08-20T10:18:15","date_gmt":"2025-08-20T10:18:15","guid":{"rendered":"https:\/\/www.europesays.com\/fr\/331337\/"},"modified":"2025-08-20T10:18:15","modified_gmt":"2025-08-20T10:18:15","slug":"nice-paris-lille-quelles-sont-les-villes-universitaires-les-plus-cheres-en-2025","status":"publish","type":"post","link":"https:\/\/www.europesays.com\/fr\/331337\/","title":{"rendered":"Nice, Paris, Lille\u2026 quelles sont les villes universitaires les plus ch\u00e8res en 2025\u00a0?"},"content":{"rendered":"<p class=\"paragraph lpe text_align_left lp-f-body-02\">Tous les ans, l\u2019UNEF publie une enqu\u00eate sur les villes universitaires les plus ch\u00e8res, et cette ann\u00e9e encore, sans surprise, c\u2019est Paris qui prend la t\u00eate de ce classement : avec 1 626,76 euros de co\u00fbt de la vie, la capitale est plus de 550 euros plus ch\u00e8re que Limoges, en bas du classement. Un surco\u00fbt d\u00fb aux <a href=\"https:\/\/www.leparisien.fr\/etudiant\/vie-etudiante\/logement-etudiant\/crise-du-logement-etudiant-aux-pays-bas-des-etudiants-obliges-de-camper-dans-une-gare-BUNKTH6FP5HLRBT7UTBVSO6ATQ.php\" target=\"_blank\" rel=\"noreferrer noopener\">loyers<\/a>, mais pas seulement. Les transports notamment continuent d\u2019augmenter en r\u00e9gion parisienne, les \u00e9tudiants d\u00e9boursant 392,30 euros par an pour circuler en illimit\u00e9 dans toute la r\u00e9gion.<\/p>\n<p class=\"paragraph lpe text_align_left lp-f-body-02\">Certaines villes voient leur co\u00fbt de la vie fortement augmenter, c\u2019est le cas de Nanterre (+ 13,68 %) et Chamb\u00e9ry (13,18 %) et dans une moindre mesure : Angers (8,01 %), Rennes (7,5 %) et Saint-Denis (6,94 %).<\/p>\n<p>Des loyers qui augmentent encore<\/p>\n<p class=\"paragraph lpe text_align_left lp-f-body-02\">Dans la majeure partie des villes, le loyer moyen augmente, \u00e0 l\u2019exception de Champs-sur-Marne, Marseille, Lille, ou encore Toulon et Orl\u00e9ans.<\/p>\n<p class=\"paragraph lpe text_align_left lp-f-body-02\">C\u2019est en r\u00e9gion parisienne, l\u00e0 encore, que se trouve les loyers les plus \u00e9lev\u00e9s, avec dans le top 5 Paris, Nanterre, Cr\u00e9teil et Saint-Denis, suivi de Nice, ville la plus ch\u00e8re en dehors de l\u2019\u00cele-de-France. Dans le top 10, 8 villes sont en r\u00e9gion parisienne.<\/p>\n<p class=\"paragraph lpe text_align_left lp-f-body-02\">D\u2019autres postes de d\u00e9penses continuent de cro\u00eetre, c\u2019est notamment le cas des transports et de l\u2019alimentation. Pour se d\u00e9placer, certains \u00e9tudiants sont contraints de d\u00e9penser pr\u00e8s de 400 euros par an. A contrario, des villes comme Montpellier, premi\u00e8re de <a href=\"https:\/\/www.leparisien.fr\/etudiant\/vie-etudiante\/classement-des-villes-etudiantes-transport-bars-meteo-quelles-sont-les-meilleures-villes-ou-etudier-en-2025-KSTJ3EDATBDGRELVFYVU5KW5BY.php\" target=\"_blank\" rel=\"noreferrer noopener\">notre classement des villes \u00e9tudiantes o\u00f9 il fait bon \u00e9tudier<\/a>, les transports sont\u2026 gratuits. De quoi all\u00e9ger la facture mensuelle.<\/p>\n","protected":false},"excerpt":{"rendered":"Tous les ans, l\u2019UNEF publie une enqu\u00eate sur les villes universitaires les plus ch\u00e8res, et cette ann\u00e9e encore,&hellip;\n","protected":false},"author":2,"featured_media":331338,"comment_status":"","ping_status":"","sticky":false,"template":"","format":"standard","meta":{"footnotes":""},"categories":[2815],"tags":[1111,11,1777,674,1011,27,811,2684,1307,12,25,104,28728],"class_list":{"0":"post-331337","1":"post","2":"type-post","3":"status-publish","4":"format-standard","5":"has-post-thumbnail","7":"category-lille","8":"tag-actu","9":"tag-actualites","10":"tag-eu","11":"tag-europe","12":"tag-fr","13":"tag-france","14":"tag-hauts-de-france","15":"tag-le-parisien-etudiant","16":"tag-lille","17":"tag-news","18":"tag-republique-francaise","19":"tag-societe","20":"tag-vie-etudiante"},"share_on_mastodon":{"url":"https:\/\/pubeurope.com\/@fr\/115060585625219257","error":""},"_links":{"self":[{"href":"https:\/\/www.europesays.com\/fr\/wp-json\/wp\/v2\/posts\/331337","targetHints":{"allow":["GET"]}}],"collection":[{"href":"https:\/\/www.europesays.com\/fr\/wp-json\/wp\/v2\/posts"}],"about":[{"href":"https:\/\/www.europesays.com\/fr\/wp-json\/wp\/v2\/types\/post"}],"author":[{"embeddable":true,"href":"https:\/\/www.europesays.com\/fr\/wp-json\/wp\/v2\/users\/2"}],"replies":[{"embeddable":true,"href":"https:\/\/www.europesays.com\/fr\/wp-json\/wp\/v2\/comments?post=331337"}],"version-history":[{"count":0,"href":"https:\/\/www.europesays.com\/fr\/wp-json\/wp\/v2\/posts\/331337\/revisions"}],"wp:featuredmedia":[{"embeddable":true,"href":"https:\/\/www.europesays.com\/fr\/wp-json\/wp\/v2\/media\/331338"}],"wp:attachment":[{"href":"https:\/\/www.europesays.com\/fr\/wp-json\/wp\/v2\/media?parent=331337"}],"wp:term":[{"taxonomy":"category","embeddable":true,"href":"https:\/\/www.europesays.com\/fr\/wp-json\/wp\/v2\/categories?post=331337"},{"taxonomy":"post_tag","embeddable":true,"href":"https:\/\/www.europesays.com\/fr\/wp-json\/wp\/v2\/tags?post=331337"}],"curies":[{"name":"wp","href":"https:\/\/api.w.org\/{rel}","templated":true}]}}