{"id":331339,"date":"2025-08-20T10:19:14","date_gmt":"2025-08-20T10:19:14","guid":{"rendered":"https:\/\/www.europesays.com\/fr\/331339\/"},"modified":"2025-08-20T10:19:14","modified_gmt":"2025-08-20T10:19:14","slug":"du-nouveau-aux-grandes-halles-du-vieux-port","status":"publish","type":"post","link":"https:\/\/www.europesays.com\/fr\/331339\/","title":{"rendered":"Du nouveau aux Grandes Halles du Vieux-Port"},"content":{"rendered":"<p>Les Grandes Halles du Vieux-Port poursuivent leur d\u00e9veloppement. <a href=\"https:\/\/gomet.net\/la-recette-des-futures-grandes-halles-de-marseille\/\" data-type=\"link\" data-id=\"https:\/\/gomet.net\/la-recette-des-futures-grandes-halles-de-marseille\/\" target=\"_blank\" rel=\"noreferrer noopener nofollow\"><strong>Inaugur\u00e9 il y a trois ans<\/strong><\/a> sur le cours Honor\u00e9-d\u2019Estienne-d\u2019Orves, ce lieu de restauration rassemble une douzaine d\u2019\u00e9choppes en service continu, ouvertes sept jours sur sept de 9h \u00e0 minuit. Deux nouvelles adresses viennent d\u2019y faire leur entr\u00e9e, l\u2019une aux accents marins, l\u2019autre aux saveurs italiennes.<\/p>\n<p>Grandes Halles du Vieux-Port : Sardine et Primo Amore, entre mer et Italie<\/p>\n<p>La premi\u00e8re, baptis\u00e9e Sardine, est port\u00e9e par Marc Moroni et Camille Mohr, d\u00e9j\u00e0 aux manettes de La Serre, l\u2019\u00e9choppe v\u00e9g\u00e9tarienne pr\u00e9sente depuis l\u2019ouverture des Halles. Ici, cap sur la mer : ceviche de daurade, tartare de saumon, accras de cabillaud ou rillettes de sardine composent une carte centr\u00e9e sur le poisson frais. La d\u00e9coration s\u2019inspire de l\u2019univers marin, avec des filets de p\u00eache suspendus et des teintes bleu profond. Un plat de la semaine viendra compl\u00e9ter l\u2019offre d\u00e8s la rentr\u00e9e.<\/p>\n<p>\u00c0 quelques m\u00e8tres, Primo Amore propose une autre ambiance. Julien Lambert et Juliette Reynier y d\u00e9clinent une cuisine italienne simple et copieuse : carpaccio de black angus, salades compos\u00e9es, planches de charcuterie et sandwichs typiques comme la ciaccia, \u00e0 composer sur mesure. D\u00e9j\u00e0 pr\u00e9sente \u00e0 Marseille, l\u2019enseigne signe ici une nouvelle implantation.<\/p>\n<p><a data-no-instant=\"1\" href=\"https:\/\/my.weezevent.com\/3e-forum-nos-energies-en-questions\" rel=\"noopener nofollow\" class=\"a2t-link\" target=\"_blank\" aria-label=\"Maxi Header 2 1200\u00d7148\"><img loading=\"lazy\" decoding=\"async\" src=\"data:image\/svg+xml,%3Csvg%20xmlns=\" http:=\"\" alt=\"\" data-lazy- data-lazy- width=\"2048\" height=\"253\" style=\"display: inline-block;\" data-lazy-src=\"https:\/\/www.europesays.com\/fr\/wp-content\/uploads\/2025\/08\/maxi-header-2-1200x148-1-scaled.png\"\/><\/a><img loading=\"lazy\" decoding=\"async\" width=\"1000\" height=\"563\" data-id=\"371709\" src=\"data:image\/svg+xml,%3Csvg%20xmlns=\" http:=\"\" alt=\"\" class=\"wp-image-371709\" data-lazy- data-lazy- data-lazy-src=\"https:\/\/www.europesays.com\/fr\/wp-content\/uploads\/2025\/08\/img_3141.jpeg\"\/>Julien Lambert et Juliette Reynier<img loading=\"lazy\" decoding=\"async\" width=\"1000\" height=\"563\" data-id=\"371710\" src=\"data:image\/svg+xml,%3Csvg%20xmlns=\" http:=\"\" alt=\"\" class=\"wp-image-371710\" data-lazy- data-lazy- data-lazy-src=\"https:\/\/www.europesays.com\/fr\/wp-content\/uploads\/2025\/08\/img_3142.jpeg\"\/>Marc Moroni et Camille Mohr<\/p>\n<p>Situ\u00e9es \u00e0 deux pas du Vieux-Port, <a href=\"https:\/\/gomet.net\/restauration-et-marche-les-grandes-ambitions-des-grandes-halles-du-vieux-port\/\" target=\"_blank\" data-type=\"link\" data-id=\"https:\/\/gomet.net\/restauration-et-marche-les-grandes-ambitions-des-grandes-halles-du-vieux-port\/\" rel=\"noreferrer noopener nofollow\"><strong>les Grandes Halles<\/strong><\/a> accueillent jusqu\u2019\u00e0 500 couverts en terrasse. Sur place, restauration sur le pouce, plats \u00e0 la carte ou tapas \u00e0 partager. L\u2019\u00e9tablissement programme r\u00e9guli\u00e8rement des soir\u00e9es musicales, retransmissions sportives et \u00e9v\u00e9nements en plein air.<\/p>\n<p class=\"has-background\" style=\"background-color:#eaeff3\"><strong>\ud83d\udccd <a href=\"http:\/\/www.lesgrandeshalles.com\" data-type=\"link\" data-id=\"http:\/\/www.lesgrandeshalles.com\" target=\"_blank\" rel=\"noopener nofollow\">Les Grandes Halles du Vieux-Port<\/a> <\/strong><br \/><strong>\u2013 30 cours Honor\u00e9-d\u2019Estienne-d\u2019Orves, 13001 Marseille<\/strong><\/p>\n<p>Nos bons plans sorties et loisirs \u00e0 retrouver dans <a href=\"https:\/\/gomet.net\/theme\/city-guide-2\/\" data-type=\"link\" data-id=\"https:\/\/gomet.net\/theme\/city-guide-2\/\" rel=\"nofollow noopener\" target=\"_blank\"><strong>notre rubrique Cityguide<\/strong><\/a><\/p>\n","protected":false},"excerpt":{"rendered":"Les Grandes Halles du Vieux-Port poursuivent leur d\u00e9veloppement. Inaugur\u00e9 il y a trois ans sur le cours Honor\u00e9-d\u2019Estienne-d\u2019Orves,&hellip;\n","protected":false},"author":2,"featured_media":331340,"comment_status":"","ping_status":"","sticky":false,"template":"","format":"standard","meta":{"footnotes":""},"categories":[2814],"tags":[1111,11,1777,674,1011,27,884,12,882,25],"class_list":{"0":"post-331339","1":"post","2":"type-post","3":"status-publish","4":"format-standard","5":"has-post-thumbnail","7":"category-marseille","8":"tag-actu","9":"tag-actualites","10":"tag-eu","11":"tag-europe","12":"tag-fr","13":"tag-france","14":"tag-marseille","15":"tag-news","16":"tag-provence-alpes-cote-dazur","17":"tag-republique-francaise"},"share_on_mastodon":{"url":"https:\/\/pubeurope.com\/@fr\/115060589455899131","error":""},"_links":{"self":[{"href":"https:\/\/www.europesays.com\/fr\/wp-json\/wp\/v2\/posts\/331339","targetHints":{"allow":["GET"]}}],"collection":[{"href":"https:\/\/www.europesays.com\/fr\/wp-json\/wp\/v2\/posts"}],"about":[{"href":"https:\/\/www.europesays.com\/fr\/wp-json\/wp\/v2\/types\/post"}],"author":[{"embeddable":true,"href":"https:\/\/www.europesays.com\/fr\/wp-json\/wp\/v2\/users\/2"}],"replies":[{"embeddable":true,"href":"https:\/\/www.europesays.com\/fr\/wp-json\/wp\/v2\/comments?post=331339"}],"version-history":[{"count":0,"href":"https:\/\/www.europesays.com\/fr\/wp-json\/wp\/v2\/posts\/331339\/revisions"}],"wp:featuredmedia":[{"embeddable":true,"href":"https:\/\/www.europesays.com\/fr\/wp-json\/wp\/v2\/media\/331340"}],"wp:attachment":[{"href":"https:\/\/www.europesays.com\/fr\/wp-json\/wp\/v2\/media?parent=331339"}],"wp:term":[{"taxonomy":"category","embeddable":true,"href":"https:\/\/www.europesays.com\/fr\/wp-json\/wp\/v2\/categories?post=331339"},{"taxonomy":"post_tag","embeddable":true,"href":"https:\/\/www.europesays.com\/fr\/wp-json\/wp\/v2\/tags?post=331339"}],"curies":[{"name":"wp","href":"https:\/\/api.w.org\/{rel}","templated":true}]}}