{"id":331343,"date":"2025-08-20T10:21:14","date_gmt":"2025-08-20T10:21:14","guid":{"rendered":"https:\/\/www.europesays.com\/fr\/331343\/"},"modified":"2025-08-20T10:21:14","modified_gmt":"2025-08-20T10:21:14","slug":"cet-avocat-lyonnais-publie-un-guide-pour-defendre-les-victimes","status":"publish","type":"post","link":"https:\/\/www.europesays.com\/fr\/331343\/","title":{"rendered":"cet avocat lyonnais publie un guide pour d\u00e9fendre les victimes"},"content":{"rendered":"<blockquote class=\"question\"><p>Pourquoi ce guide de d\u00e9fense des victimes\u00a0? En tant qu\u2019avocat, vous avez ressenti un besoin d\u2019explications chez vos clients\u00a0?<\/p><\/blockquote>\n<p>\u00ab\u00a0Avocat intervenant au p\u00e9nal, je souhaitais partager ma pratique et mon exp\u00e9rience. La d\u00e9linquance n\u2019\u00e9pargne personne\u00a0: chaque ann\u00e9e en France, 3\u00a0millions de personnes sont victimes d\u2019infractions dont 950\u00a0000 d\u2019une atteinte \u00e0 leur int\u00e9grit\u00e9 physique. Un tel guide n\u2019existait pas selon moi.<\/p>\n<p>J\u2019ai voulu r\u00e9pondre \u00e0 un besoin et offrir \u00e0 tous les citoyens la possibilit\u00e9 de conna\u00eetre leurs droits et les d\u00e9marches \u00e0 accomplir pour obtenir r\u00e9paration de leur pr\u00e9judice.\u00a0\u00bb<\/p>\n<blockquote class=\"question\"><p>Avez-vous eu d\u00e9j\u00e0 des questions surprenantes ou au contraire des questions r\u00e9currentes de la part de vos clients\u00a0?<\/p><\/blockquote>\n<p>\u00ab\u00a0Non, mais d\u2019une mani\u00e8re g\u00e9n\u00e9rale, les personnes n\u2019imaginent pas le parcours qui les attend. Mon r\u00f4le d\u2019avocat suppose une forme de p\u00e9dagogie. Il est un trait d\u2019union entre l\u2019univers judiciaire (les&#8230;<\/p>\n","protected":false},"excerpt":{"rendered":"Pourquoi ce guide de d\u00e9fense des victimes\u00a0? En tant qu\u2019avocat, vous avez ressenti un besoin d\u2019explications chez vos&hellip;\n","protected":false},"author":2,"featured_media":331344,"comment_status":"","ping_status":"","sticky":false,"template":"","format":"standard","meta":{"footnotes":""},"categories":[1889],"tags":[1111,11,2430,6084,2757,1777,674,274,107,1011,27,2428,2756,12,25,2429,4604,273,104],"class_list":{"0":"post-331343","1":"post","2":"type-post","3":"status-publish","4":"format-standard","5":"has-post-thumbnail","7":"category-lyon","8":"tag-actu","9":"tag-actualites","10":"tag-auvergne-rhone-alpes","11":"tag-droit","12":"tag-edition-lyon-villeurbanne","13":"tag-eu","14":"tag-europe","15":"tag-faits-divers-justice","16":"tag-fil-info","17":"tag-fr","18":"tag-france","19":"tag-lyon","20":"tag-lyon-bassin","21":"tag-news","22":"tag-republique-francaise","23":"tag-rhone","24":"tag-selection-abonne","25":"tag-selection-de-la-redaction","26":"tag-societe"},"share_on_mastodon":{"url":"https:\/\/pubeurope.com\/@fr\/115060597391371172","error":""},"_links":{"self":[{"href":"https:\/\/www.europesays.com\/fr\/wp-json\/wp\/v2\/posts\/331343","targetHints":{"allow":["GET"]}}],"collection":[{"href":"https:\/\/www.europesays.com\/fr\/wp-json\/wp\/v2\/posts"}],"about":[{"href":"https:\/\/www.europesays.com\/fr\/wp-json\/wp\/v2\/types\/post"}],"author":[{"embeddable":true,"href":"https:\/\/www.europesays.com\/fr\/wp-json\/wp\/v2\/users\/2"}],"replies":[{"embeddable":true,"href":"https:\/\/www.europesays.com\/fr\/wp-json\/wp\/v2\/comments?post=331343"}],"version-history":[{"count":0,"href":"https:\/\/www.europesays.com\/fr\/wp-json\/wp\/v2\/posts\/331343\/revisions"}],"wp:featuredmedia":[{"embeddable":true,"href":"https:\/\/www.europesays.com\/fr\/wp-json\/wp\/v2\/media\/331344"}],"wp:attachment":[{"href":"https:\/\/www.europesays.com\/fr\/wp-json\/wp\/v2\/media?parent=331343"}],"wp:term":[{"taxonomy":"category","embeddable":true,"href":"https:\/\/www.europesays.com\/fr\/wp-json\/wp\/v2\/categories?post=331343"},{"taxonomy":"post_tag","embeddable":true,"href":"https:\/\/www.europesays.com\/fr\/wp-json\/wp\/v2\/tags?post=331343"}],"curies":[{"name":"wp","href":"https:\/\/api.w.org\/{rel}","templated":true}]}}