{"id":331348,"date":"2025-08-20T10:25:32","date_gmt":"2025-08-20T10:25:32","guid":{"rendered":"https:\/\/www.europesays.com\/fr\/331348\/"},"modified":"2025-08-20T10:25:32","modified_gmt":"2025-08-20T10:25:32","slug":"un-corps-demembre-retrouve-dans-le-metro-a-paris-la-victime-a-ete-identifiee","status":"publish","type":"post","link":"https:\/\/www.europesays.com\/fr\/331348\/","title":{"rendered":"Un corps d\u00e9membr\u00e9 retrouv\u00e9 dans le m\u00e9tro \u00e0 Paris, la victime a \u00e9t\u00e9 identifi\u00e9e"},"content":{"rendered":"<p>Il a enfin un nom. Le corps d\u00e9membr\u00e9, qui avait \u00e9t\u00e9 d\u00e9couvert sur les voies du <a href=\"https:\/\/www.femmeactuelle.fr\/actu\/news-actu\/attention-ces-stations-et-lignes-de-metro-parisiennes-seront-fermees-cet-ete-2195361\" rel=\"nofollow noopener\" target=\"_blank\">m\u00e9tro <\/a>\u00e0 Paris, le 15 ao\u00fbt 2025, a pu \u00eatre identifi\u00e9 par les enqu\u00eateurs. Vendredi dernier, dans la soir\u00e9e, aux alentours de 21 heures, un cadavre d\u00e9membr\u00e9 avait \u00e9t\u00e9 retrouv\u00e9 sur les rails du m\u00e9tro de la ligne 2, dans le tunnel qui relie les stations Courcelles et Ternes dans le XVII\u00e8me arrondissement de <a href=\"https:\/\/www.femmeactuelle.fr\/actu\/news-actu\/a-paris-une-femme-de-50-ans-retrouvee-morte-et-denudee-dans-un-cagibi-de-4-m-2197005\" rel=\"nofollow noopener\" target=\"_blank\">Paris<\/a>. Une d\u00e9couverte qui avait entra\u00een\u00e9 une interruption totale du trafic sur la ligne 2 pendant plus de deux heures. Si lors de sa d\u00e9couverte le corps n\u2019avait, sur le moment, pas pu \u00eatre identifi\u00e9, les enqu\u00eateurs ont enfin pu lui donner un nom. Le parquet de Paris, en charge de l\u2019enqu\u00eate, a indiqu\u00e9 que \u201cla victime a \u00e9t\u00e9 identifi\u00e9e comme pouvant \u00eatre Abdel M., un homme n\u00e9 en septembre 1999 au Tchad et en situation r\u00e9guli\u00e8re sur le territoire fran\u00e7ais\u201d. Les autorit\u00e9s tentent d\u00e9sormais de retrouver la famille du jeune homme pour l\u2019informer de son d\u00e9c\u00e8s. L\u2019enqu\u00eate pour recherche des causes de la mort, confi\u00e9e au commissariat du XVII\u00e8me arrondissement de Paris, se poursuit.<\/p>\n<p>Un 15 ao\u00fbt sanglant \u00e0 Paris<\/p>\n<p>Ce jeune homme n\u2019est pas le seul \u00e0 \u00eatre d\u00e9c\u00e9d\u00e9 de fa\u00e7on violente le 15 ao\u00fbt dernier \u00e0 Paris. En effet, quelques heures plus t\u00f4t, dans la nuit du 14 au 15 ao\u00fbt, un homme de 28 ans a succomb\u00e9 \u00e0 ses blessures sur un trottoir dans le XVIII\u00e8me arrondissement de la capitale, rue Marx Dormoy. Cela avait d\u00e9but\u00e9 par une rixe opposant trois individus, \u00e0 deux contre un. L&rsquo;homme avait alors tent\u00e9 d&rsquo;\u00e9chapper \u00e0 ses agresseurs, dont un \u00e9tait muni d&rsquo;un objet tranchant, au cours d&rsquo;une course-poursuite. Il avait fini par s&rsquo;effondrer, souffrant de multiples contusions dans le dos et plaies au thorax, et n\u2019avait pas pu \u00eatre sauv\u00e9 par les <a href=\"https:\/\/www.femmeactuelle.fr\/actu\/news-actu\/une-fillette-de-11-ans-sauve-son-voisin-de-5-ans-tombe-au-fonds-d-un-puits-2197240\" rel=\"nofollow noopener\" target=\"_blank\">secours<\/a>.<\/p>\n<p>Sources<\/p>\n<ul>\n<li><a href=\"https:\/\/www.leparisien.fr\/paris-75\/paris-un-corps-demembre-retrouve-dans-un-tunnel-du-metro-identifie-par-les-enqueteurs-20-08-2025-YGIAUHTF6VD7XJCE2WDBKARIU4.php?ts=1755674631830\" rel=\"nofollow noopener\" target=\"_blank\">Le Parisien<\/a> : Paris\u00a0: un corps d\u00e9membr\u00e9 retrouv\u00e9 dans un tunnel du m\u00e9tro identifi\u00e9 par les enqu\u00eateurs &#8211; 20\/08\/202<\/li>\n<li><a href=\"https:\/\/actu.fr\/ile-de-france\/paris_75056\/corps-demembre-de-la-ligne-2-du-metro-a-paris-la-famille-du-jeune-homme-recherchee_63051601.html\" rel=\"nofollow noopener\" target=\"_blank\">Actu.fr <\/a>: Corps d\u00e9membr\u00e9 de la ligne 2 du m\u00e9tro \u00e0 Paris : la famille du jeune homme recherch\u00e9e &#8211; 19\/08\/2025<\/li>\n<li><a href=\"https:\/\/www.lefigaro.fr\/faits-divers\/paris-un-homme-tue-en-pleine-rue-dans-le-18e-arrondissement-20250816\" rel=\"nofollow noopener\" target=\"_blank\">Le Figaro<\/a> : Paris\u00a0: un homme tu\u00e9 en pleine rue dans le 18e arrondissement &#8211; 17\/08\/2025<\/li>\n<li><a href=\"https:\/\/actu.fr\/ile-de-france\/paris_75056\/mort-d-un-homme-a-paris-apres-une-course-poursuite-dans-les-rues-du-18e-arrondissement_63047748.html\" rel=\"nofollow noopener\" target=\"_blank\">Actu.fr<\/a> : Mort d&rsquo;un homme \u00e0 Paris apr\u00e8s une course-poursuite dans les rues du 18e arrondissement<\/li>\n<\/ul>\n","protected":false},"excerpt":{"rendered":"Il a enfin un nom. Le corps d\u00e9membr\u00e9, qui avait \u00e9t\u00e9 d\u00e9couvert sur les voies du m\u00e9tro \u00e0&hellip;\n","protected":false},"author":2,"featured_media":331349,"comment_status":"","ping_status":"","sticky":false,"template":"","format":"standard","meta":{"footnotes":""},"categories":[1888],"tags":[1111,1928,11,1927,1777,674,1011,27,12,1926,626,1925,25],"class_list":{"0":"post-331348","1":"post","2":"type-post","3":"status-publish","4":"format-standard","5":"has-post-thumbnail","7":"category-paris","8":"tag-actu","9":"tag-actu-paris","10":"tag-actualites","11":"tag-actualites-paris","12":"tag-eu","13":"tag-europe","14":"tag-fr","15":"tag-france","16":"tag-news","17":"tag-news-paris","18":"tag-paris","19":"tag-paris-news","20":"tag-republique-francaise"},"share_on_mastodon":{"url":"https:\/\/pubeurope.com\/@fr\/115060613040648144","error":""},"_links":{"self":[{"href":"https:\/\/www.europesays.com\/fr\/wp-json\/wp\/v2\/posts\/331348","targetHints":{"allow":["GET"]}}],"collection":[{"href":"https:\/\/www.europesays.com\/fr\/wp-json\/wp\/v2\/posts"}],"about":[{"href":"https:\/\/www.europesays.com\/fr\/wp-json\/wp\/v2\/types\/post"}],"author":[{"embeddable":true,"href":"https:\/\/www.europesays.com\/fr\/wp-json\/wp\/v2\/users\/2"}],"replies":[{"embeddable":true,"href":"https:\/\/www.europesays.com\/fr\/wp-json\/wp\/v2\/comments?post=331348"}],"version-history":[{"count":0,"href":"https:\/\/www.europesays.com\/fr\/wp-json\/wp\/v2\/posts\/331348\/revisions"}],"wp:featuredmedia":[{"embeddable":true,"href":"https:\/\/www.europesays.com\/fr\/wp-json\/wp\/v2\/media\/331349"}],"wp:attachment":[{"href":"https:\/\/www.europesays.com\/fr\/wp-json\/wp\/v2\/media?parent=331348"}],"wp:term":[{"taxonomy":"category","embeddable":true,"href":"https:\/\/www.europesays.com\/fr\/wp-json\/wp\/v2\/categories?post=331348"},{"taxonomy":"post_tag","embeddable":true,"href":"https:\/\/www.europesays.com\/fr\/wp-json\/wp\/v2\/tags?post=331348"}],"curies":[{"name":"wp","href":"https:\/\/api.w.org\/{rel}","templated":true}]}}