{"id":331350,"date":"2025-08-20T10:26:15","date_gmt":"2025-08-20T10:26:15","guid":{"rendered":"https:\/\/www.europesays.com\/fr\/331350\/"},"modified":"2025-08-20T10:26:15","modified_gmt":"2025-08-20T10:26:15","slug":"rencontre-diplomatique-a-paris-avec-israel-pour-discuter-de-leur-desescalade","status":"publish","type":"post","link":"https:\/\/www.europesays.com\/fr\/331350\/","title":{"rendered":"rencontre diplomatique \u00e0 Paris avec Isra\u00ebl pour discuter de leur \u00ab\u00a0d\u00e9sescalade\u00a0\u00bb"},"content":{"rendered":"<p>Le ministre syrien des affaires \u00e9trang\u00e8res Assaad Al-Chaibani a rencontr\u00e9 mardi une d\u00e9l\u00e9gation isra\u00e9lienne \u00e0 Paris pour discuter de la \u00ab\u00a0d\u00e9sescalade\u00a0\u00bb entre les deux pays voisins, en vue de renforcer la \u00ab\u00a0stabilit\u00e9 dans la r\u00e9gion\u00a0\u00bb, a annonc\u00e9 l\u2019agence officielle syrienne Sana.<\/p>\n<p>Les discussions ont port\u00e9 sur \u00ab\u00a0un certain nombre de dossiers li\u00e9s au renforcement de la stabilit\u00e9 dans la r\u00e9gion et le sud de la\u00a0Syrie\u00a0\u00bb, ainsi que sur la \u00ab\u00a0d\u00e9sescalade et la non-interf\u00e9rence dans les affaires internes syriennes\u00a0\u00bb, selon la m\u00eame source.<\/p>\n<p>Les d\u00e9l\u00e9gations des deux pays, ont \u00e9galement \u00e9voqu\u00e9 la \u00ab\u00a0surveillance du cessez-le-feu\u00a0\u00bb dans la r\u00e9gion \u00e0 majorit\u00e9 druze de Soueida, o\u00f9 <a href=\"https:\/\/www.la-croix.com\/international\/syrie-dans-soueida-assiegee-l-aide-humanitaire-arrive-dans-une-ville-privee-deau-et-delectricite-20250721\" data-tracking=\"inpage_click\" data-tracking-action=\"suivre un lien dans l&#039;article\" data-tracking-category=\"engagement\" rel=\"nofollow noopener\" target=\"_blank\">des violences intercommunautaires ont fait plus de 1\u00a0400 morts<\/a> selon une ONG et entra\u00een\u00e9 l\u2019intervention d\u2019Isra\u00ebl.\u00a0\u00bb<\/p>\n<p>\u00ab\u00a0D\u00e9sescalade\u00a0\u00bb<\/p>\n<p>Les \u00e9changes ont aussi abord\u00e9 la question d\u2019un retour \u00e0 l\u2019accord de d\u00e9sengagement de 1974 entre les deux pays, qui avait cr\u00e9\u00e9 une zone tampon. \u00ab\u00a0Ces discussions se d\u00e9roulent sous m\u00e9diation am\u00e9ricaine, dans le cadre d\u2019efforts diplomatiques visant \u00e0 renforcer la s\u00e9curit\u00e9 et la stabilit\u00e9 en\u00a0Syrie\u00a0et \u00e0 pr\u00e9server l\u2019unit\u00e9 et l\u2019int\u00e9grit\u00e9 de son territoire\u00a0\u00bb, a ajout\u00e9 l\u2019agence syrienne.<\/p>\n<p>La\u00a0Syrie\u00a0et Isra\u00ebl sont toujours techniquement en \u00e9tat de guerre, mais plusieurs autres rencontres diplomatiques ont d\u00e9j\u00e0 eu lieu en juillet en vue de la \u00ab\u00a0d\u00e9sescalade\u00a0\u00bb.<\/p>\n<p>Les affrontements ont oppos\u00e9 des combattants de la minorit\u00e9 druze, qu\u2019Isra\u00ebl affirme vouloir prot\u00e9ger, \u00e0 des tribus sunnites. En juillet, Isra\u00ebl a bombard\u00e9 le palais pr\u00e9sidentiel et le quartier g\u00e9n\u00e9ral de l\u2019arm\u00e9e syrienne \u00e0 Damas pour forcer les troupes gouvernementales, qui s\u2019\u00e9taient d\u00e9ploy\u00e9es \u00e0 Soueida, \u00e0 s\u2019en retirer.<\/p>\n<p>Un cessez-le-feu a \u00e9t\u00e9 proclam\u00e9 par les autorit\u00e9s le 19\u00a0juillet, apr\u00e8s une d\u00e9claration de Washington affirmant avoir n\u00e9goci\u00e9 une tr\u00eave entre Isra\u00ebl et la\u00a0Syrie\u00a0afin d\u2019\u00e9viter une escalade. La tr\u00eave fragile tient depuis, mais la tension reste vive dans la province de Soueida.<\/p>\n<p>Depuis la chute en d\u00e9cembre de<a href=\"https:\/\/www.la-croix.com\/societe\/la-justice-francaise-pourra-t-elle-juger-un-jour-bachar-al-assad-20250122\" data-tracking=\"inpage_click\" data-tracking-action=\"suivre un lien dans l&#039;article\" data-tracking-category=\"engagement\" rel=\"nofollow noopener\" target=\"_blank\"> Bachar al-Assad<\/a> et l\u2019arriv\u00e9e du nouveau pouvoir islamiste, Isra\u00ebl a men\u00e9 des centaines de frappes en\u00a0Syrie\u00a0et des incursions dans le sud de la\u00a0Syrie.<\/p>\n","protected":false},"excerpt":{"rendered":"Le ministre syrien des affaires \u00e9trang\u00e8res Assaad Al-Chaibani a rencontr\u00e9 mardi une d\u00e9l\u00e9gation isra\u00e9lienne \u00e0 Paris pour discuter&hellip;\n","protected":false},"author":2,"featured_media":331351,"comment_status":"","ping_status":"","sticky":false,"template":"","format":"standard","meta":{"footnotes":""},"categories":[1888],"tags":[1111,1928,11,1927,1777,674,1011,27,12,1926,626,1925,25],"class_list":{"0":"post-331350","1":"post","2":"type-post","3":"status-publish","4":"format-standard","5":"has-post-thumbnail","7":"category-paris","8":"tag-actu","9":"tag-actu-paris","10":"tag-actualites","11":"tag-actualites-paris","12":"tag-eu","13":"tag-europe","14":"tag-fr","15":"tag-france","16":"tag-news","17":"tag-news-paris","18":"tag-paris","19":"tag-paris-news","20":"tag-republique-francaise"},"share_on_mastodon":{"url":"https:\/\/pubeurope.com\/@fr\/115060617168150066","error":""},"_links":{"self":[{"href":"https:\/\/www.europesays.com\/fr\/wp-json\/wp\/v2\/posts\/331350","targetHints":{"allow":["GET"]}}],"collection":[{"href":"https:\/\/www.europesays.com\/fr\/wp-json\/wp\/v2\/posts"}],"about":[{"href":"https:\/\/www.europesays.com\/fr\/wp-json\/wp\/v2\/types\/post"}],"author":[{"embeddable":true,"href":"https:\/\/www.europesays.com\/fr\/wp-json\/wp\/v2\/users\/2"}],"replies":[{"embeddable":true,"href":"https:\/\/www.europesays.com\/fr\/wp-json\/wp\/v2\/comments?post=331350"}],"version-history":[{"count":0,"href":"https:\/\/www.europesays.com\/fr\/wp-json\/wp\/v2\/posts\/331350\/revisions"}],"wp:featuredmedia":[{"embeddable":true,"href":"https:\/\/www.europesays.com\/fr\/wp-json\/wp\/v2\/media\/331351"}],"wp:attachment":[{"href":"https:\/\/www.europesays.com\/fr\/wp-json\/wp\/v2\/media?parent=331350"}],"wp:term":[{"taxonomy":"category","embeddable":true,"href":"https:\/\/www.europesays.com\/fr\/wp-json\/wp\/v2\/categories?post=331350"},{"taxonomy":"post_tag","embeddable":true,"href":"https:\/\/www.europesays.com\/fr\/wp-json\/wp\/v2\/tags?post=331350"}],"curies":[{"name":"wp","href":"https:\/\/api.w.org\/{rel}","templated":true}]}}