{"id":331352,"date":"2025-08-20T10:27:11","date_gmt":"2025-08-20T10:27:11","guid":{"rendered":"https:\/\/www.europesays.com\/fr\/331352\/"},"modified":"2025-08-20T10:27:11","modified_gmt":"2025-08-20T10:27:11","slug":"pour-son-mariage-au-musee-rodin-a-paris-cette-mariee-portait-une-robe-elie-saab-et-un-voile-cathedrale","status":"publish","type":"post","link":"https:\/\/www.europesays.com\/fr\/331352\/","title":{"rendered":"Pour son mariage au mus\u00e9e Rodin \u00e0 Paris, cette mari\u00e9e portait une robe Elie Saab et un voile cath\u00e9drale"},"content":{"rendered":"<p>Quelques ann\u00e9es avant leur mariage, <strong>Diana Rubin<\/strong> et <strong>Aaron Rosenthal<\/strong>, tous deux originaires du Texas, habitaient dans le m\u00eame immeuble \u00e0 <a href=\"https:\/\/www.vogue.fr\/lifestyle\/article\/les-bons-films-qui-nous-font-voyager-a-new-york\" target=\"_blank\" rel=\"nofollow noopener\">New York<\/a> mais ne s\u2019\u00e9taient pas encore rencontr\u00e9s. \u201cLe concierge, qui est comme un deuxi\u00e8me p\u00e8re pour moi, me taquinait gentiment au sujet du Texan qui venait d\u2019emm\u00e9nager dans l\u2019immeuble. Je me contentais de lever les yeux au ciel en riant\u201d, raconte <strong>Diana<\/strong>, qui travaille dans le milieu de la sant\u00e9. \u201cLa morale de cette histoire, c\u2019est que les concierges de New York ont un instinct infaillible\u2009!\u201d Ils finissent par se rencontrer gr\u00e2ce \u00e0 des amis communs. Apr\u00e8s plusieurs invitations de la part d\u2019<strong>Aaron<\/strong>, <strong>Diana<\/strong> accepte finalement un premier rendez-vous. C\u2019est ce soir-l\u00e0, dans un bar \u00e0 cocktails du West Village en f\u00e9vrier 2022, qu\u2019ils d\u00e9couvrent qu&rsquo;ils sont voisins. \u201cNous devions simplement boire un verre, mais nous avons discut\u00e9 pendant des heures et le rendez-vous s\u2019est achev\u00e9 apr\u00e8s une longue promenade dans le quartier. Nous aurions voulu que la soir\u00e9e ne se termine jamais\u201d, se souvient <strong>Aaron<\/strong>, qui travaille dans la finance. \u201cLe lendemain, j\u2019ai appel\u00e9 mon meilleur ami pour tout lui raconter. Je n\u2019oublierai jamais ce qu\u2019il m\u2019a dit\u00a0: \u2018On dirait bien que tu viens de rencontrer ta future \u00e9pouse\u2019. Cela m\u2019a fait rire, car mes coll\u00e8gues m\u2019avaient dit exactement la m\u00eame chose plus t\u00f4t dans la journ\u00e9e.\u201d<\/p>\n<p>Apr\u00e8s un an et demi \u00e0 vivre dans le m\u00eame immeuble du West Village, le couple d\u00e9cide d\u2019emm\u00e9nager ensemble dans le quartier de Tribeca. \u201cNotre appartement est vite devenu notre endroit pr\u00e9f\u00e9r\u00e9\u201d, explique la mari\u00e9e. L\u2019ann\u00e9e suivante, <strong>Diana<\/strong> devait rejoindre <strong>Aaron<\/strong> pour f\u00eater son anniversaire dans un <a href=\"https:\/\/www.vogue.fr\/lifestyle\/article\/restaurants-italiens-a-paris\" target=\"_blank\" rel=\"nofollow noopener\">restaurant italien<\/a> o\u00f9 ils avaient d\u00een\u00e9 au d\u00e9but de leur relation. \u201cEn rentrant du travail, j\u2019ai remarqu\u00e9 qu\u2019<strong>Aaron<\/strong> se tenait dans le parc juste en face de notre appartement. Nous y prenons souvent un caf\u00e9 ensemble, le matin\u201d, confie-t-elle. \u201cJe ne comprenais pas pourquoi il avait travers\u00e9 la rue et je ne me suis pas trop pos\u00e9 de questions, jusqu\u2019\u00e0 ce qu\u2019il mette un genou \u00e0 terre. \u00c0 partir de ce moment-l\u00e0, je ne me souviens plus de rien\u2009!\u201d Tout juste fianc\u00e9, le couple s\u2019est ensuite rendu au restaurant o\u00f9 leurs familles les attendaient, pr\u00eates \u00e0 c\u00e9l\u00e9brer la nouvelle.<\/p>\n<p>Diana Rubin a choisi le mus\u00e9e Rodin pour son mariage<\/p>\n<p>Un grand \u00e9v\u00e9nement se profilait \u00e0 l\u2019horizon, et le couple devait s\u2019atteler \u00e0 l\u2019organisation. La future mari\u00e9e a \u00e9tudi\u00e9 l\u2019histoire de l\u2019art \u00e0 l\u2019American University de Paris. Elle r\u00eavait de visiter \u00e0 nouveau la capitale fran\u00e7aise et de se marier dans l\u2019un de ses lieux charg\u00e9s d\u2019histoire. Pour accueillir leur c\u00e9r\u00e9monie de mariage du 24\u00a0mai 2025, le couple a jet\u00e9 son d\u00e9volu sur le <a href=\"https:\/\/www.vogue.fr\/article\/dior-haute-couture-printemps-ete-2025\" target=\"_blank\" rel=\"nofollow noopener\">Mus\u00e9e Rodin<\/a> (qui abrite notamment les sculptures Le Penseur et Le Baiser de l\u2019artiste). \u201cSes jardins et son architecture intemporelle cr\u00e9ent une atmosph\u00e8re \u00e0 la fois somptueuse et intimiste, qui correspond parfaitement \u00e0 l\u2019esprit romantique et artistique que nous d\u00e9sirions cr\u00e9er le jour de notre mariage\u201d, indique <strong>Diana<\/strong>. C\u2019est le lieu de r\u00e9ception qui a influenc\u00e9 la d\u00e9coration du mariage. Le bleu gris des portes du mus\u00e9e est devenu la nuance phare de la palette de couleur. Le blason de mariage et le wedding cake, quant \u00e0 eux, comportaient certains \u00e9l\u00e9ments rococo de l\u2019architecture. Un d\u00e9tail unique\u2009? \u201cLe sol de notre piste de danse imitait le sublime parquet Versailles du mus\u00e9e. Nous voulions que la structure \u00e9rig\u00e9e pour la r\u00e9ception devienne une v\u00e9ritable extension du b\u00e2timent principal\u201d, explique <strong>Diana<\/strong>.<\/p>\n","protected":false},"excerpt":{"rendered":"Quelques ann\u00e9es avant leur mariage, Diana Rubin et Aaron Rosenthal, tous deux originaires du Texas, habitaient dans le&hellip;\n","protected":false},"author":2,"featured_media":331353,"comment_status":"","ping_status":"","sticky":false,"template":"","format":"standard","meta":{"footnotes":""},"categories":[1888],"tags":[11,1777,674,1011,27,12,626,25,46874],"class_list":{"0":"post-331352","1":"post","2":"type-post","3":"status-publish","4":"format-standard","5":"has-post-thumbnail","7":"category-paris","8":"tag-actualites","9":"tag-eu","10":"tag-europe","11":"tag-fr","12":"tag-france","13":"tag-news","14":"tag-paris","15":"tag-republique-francaise","16":"tag-robes-de-mariee"},"share_on_mastodon":{"url":"https:\/\/pubeurope.com\/@fr\/115060620862131966","error":""},"_links":{"self":[{"href":"https:\/\/www.europesays.com\/fr\/wp-json\/wp\/v2\/posts\/331352","targetHints":{"allow":["GET"]}}],"collection":[{"href":"https:\/\/www.europesays.com\/fr\/wp-json\/wp\/v2\/posts"}],"about":[{"href":"https:\/\/www.europesays.com\/fr\/wp-json\/wp\/v2\/types\/post"}],"author":[{"embeddable":true,"href":"https:\/\/www.europesays.com\/fr\/wp-json\/wp\/v2\/users\/2"}],"replies":[{"embeddable":true,"href":"https:\/\/www.europesays.com\/fr\/wp-json\/wp\/v2\/comments?post=331352"}],"version-history":[{"count":0,"href":"https:\/\/www.europesays.com\/fr\/wp-json\/wp\/v2\/posts\/331352\/revisions"}],"wp:featuredmedia":[{"embeddable":true,"href":"https:\/\/www.europesays.com\/fr\/wp-json\/wp\/v2\/media\/331353"}],"wp:attachment":[{"href":"https:\/\/www.europesays.com\/fr\/wp-json\/wp\/v2\/media?parent=331352"}],"wp:term":[{"taxonomy":"category","embeddable":true,"href":"https:\/\/www.europesays.com\/fr\/wp-json\/wp\/v2\/categories?post=331352"},{"taxonomy":"post_tag","embeddable":true,"href":"https:\/\/www.europesays.com\/fr\/wp-json\/wp\/v2\/tags?post=331352"}],"curies":[{"name":"wp","href":"https:\/\/api.w.org\/{rel}","templated":true}]}}