{"id":331354,"date":"2025-08-20T10:28:14","date_gmt":"2025-08-20T10:28:14","guid":{"rendered":"https:\/\/www.europesays.com\/fr\/331354\/"},"modified":"2025-08-20T10:28:14","modified_gmt":"2025-08-20T10:28:14","slug":"un-corps-demembre-retrouve-dans-le-metro-a-paris-la-victime-a-ete-identifiee-2","status":"publish","type":"post","link":"https:\/\/www.europesays.com\/fr\/331354\/","title":{"rendered":"Un corps d\u00e9membr\u00e9 retrouv\u00e9 dans le m\u00e9tro \u00e0 Paris, la victime a \u00e9t\u00e9 identifi\u00e9e"},"content":{"rendered":"<p>Il a enfin un nom. Le corps d\u00e9membr\u00e9, qui avait \u00e9t\u00e9 d\u00e9couvert sur les voies du m\u00e9tro \u00e0 Paris, le 15 ao\u00fbt 2025, a pu \u00eatre identifi\u00e9 par les enqu\u00eateurs. Vendredi dernier, dans la soir\u00e9e, aux alentours de 21 heures, un cadavre d\u00e9membr\u00e9 avait \u00e9t\u00e9 retrouv\u00e9 sur les rails du m\u00e9tro de la ligne 2, dans le tunnel qui relie les stations Courcelles et Ternes dans le XVII\u00e8me arrondissement de Paris. Une d\u00e9couverte qui avait entra\u00een\u00e9 une interruption totale du trafic sur la ligne 2 pendant plus de deux heures. Si lors de sa d\u00e9couverte le corps n\u2019avait, sur le moment, pas pu \u00eatre identifi\u00e9, les enqu\u00eateurs ont enfin pu lui donner un nom. Le parquet de Paris, en charge de l\u2019enqu\u00eate, a indiqu\u00e9 que \u201cla victime a \u00e9t\u00e9 identifi\u00e9e comme pouvant \u00eatre Abdel M., un homme n\u00e9 en septembre 1999 au Tchad et en situation r\u00e9guli\u00e8re sur le territoire fran\u00e7ais\u201d. Les autorit\u00e9s tentent d\u00e9sormais de retrouver la famille du jeune homme pour l\u2019informer de son d\u00e9c\u00e8s. L\u2019enqu\u00eate pour recherche des causes de la mort, confi\u00e9e au commissariat du XVII\u00e8me arrondissement de Paris, se poursuit.<\/p>\n<p>Ce jeune homme n\u2019est pas le seul \u00e0 \u00eatre d\u00e9c\u00e9d\u00e9 de fa\u00e7on violente le 15 ao\u00fbt dernier \u00e0 Paris. En effet, quelques heures plus t\u00f4t, dans la nuit du 14 au 15 ao\u00fbt, un homme de 28 ans a succomb\u00e9 \u00e0 ses blessures sur un trottoir dans le XVIII\u00e8me arrondissement de la capitale, rue Marx Dormoy. Cela avait d\u00e9but\u00e9 par une rixe opposant trois individus, \u00e0 deux contre un. L&rsquo;homme avait alors tent\u00e9 d&rsquo;\u00e9chapper \u00e0 ses agresseurs, dont un \u00e9tait muni d&rsquo;un (&#8230;)<\/p>\n<p>(&#8230;) <a href=\"https:\/\/www.femmeactuelle.fr\/actu\/news-actu\/un-corps-demembre-retrouve-dans-le-metro-a-paris-la-victime-a-ete-identifiee-2197272\" rel=\"nofollow noopener\" target=\"_blank\" data-ylk=\"slk:Cliquez ici pour voir la suite;elm:context_link;itc:0;sec:content-canvas\" class=\"link \">Cliquez ici pour voir la suite<\/a><\/p>\n<p><a href=\"https:\/\/www.femmeactuelle.fr\/actu\/news-actu\/que-sait-on-du-corps-demembre-retrouve-dans-une-valise-sous-le-pont-dausterlitz-a-paris-2175262\" rel=\"nofollow noopener\" target=\"_blank\" data-ylk=\"slk:Que sait-on du corps d\u00e9membr\u00e9 retrouv\u00e9 dans une valise sous le pont d\u2019Austerlitz \u00e0 Paris;elm:context_link;itc:0;sec:content-canvas\" class=\"link \">Que sait-on du corps d\u00e9membr\u00e9 retrouv\u00e9 dans une valise sous le pont d\u2019Austerlitz \u00e0 Paris<\/a><br \/><a href=\"https:\/\/www.femmeactuelle.fr\/actu\/news-actu\/il-n-y-a-jamais-eu-de-tragedie-pareille-le-corps-d-un-homme-de-35-ans-retrouve-demembre-dans-une-poubelle-en-italie-2196591\" rel=\"nofollow noopener\" target=\"_blank\" data-ylk=\"slk:&quot;Il n&#039;y a jamais eu de trag\u00e9die pareille&quot; : le corps d&#039;un homme de 35 ans a \u00e9t\u00e9 retrouv\u00e9 d\u00e9membr\u00e9 dans une poubelle en Italie;elm:context_link;itc:0;sec:content-canvas\" class=\"link \">\u00ab\u00a0Il n&rsquo;y a jamais eu de trag\u00e9die pareille\u00a0\u00bb : le corps d&rsquo;un homme de 35 ans a \u00e9t\u00e9 retrouv\u00e9 d\u00e9membr\u00e9 dans une poubelle en Italie<\/a><br \/><a href=\"https:\/\/www.femmeactuelle.fr\/actu\/news-actu\/corps-retrouve-egorge-et-eviscere-dans-la-somme-ce-que-lon-sait-de-la-victime-dont-lidentite-a-ete-devoilee-2196781\" rel=\"nofollow noopener\" target=\"_blank\" data-ylk=\"slk:Corps retrouv\u00e9 \u00e9gorg\u00e9 et \u00e9visc\u00e9r\u00e9 dans la Somme : ce que l\u2019on sait de la victime dont l\u2019identit\u00e9 a \u00e9t\u00e9 d\u00e9voil\u00e9e;elm:context_link;itc:0;sec:content-canvas\" class=\"link \">Corps retrouv\u00e9 \u00e9gorg\u00e9 et \u00e9visc\u00e9r\u00e9 dans la Somme : ce que l\u2019on sait de la victime dont l\u2019identit\u00e9 a \u00e9t\u00e9 d\u00e9voil\u00e9e<\/a><br \/><a href=\"https:\/\/www.femmeactuelle.fr\/actu\/news-actu\/disparition-d-agathe-hilairet-dans-la-vienne-le-corps-sans-vie-de-la-joggeuse-a-ete-retrouve-2192546\" rel=\"nofollow noopener\" target=\"_blank\" data-ylk=\"slk:Disparition d&#039;Agathe Hilairet dans la Vienne : le corps sans vie de la joggeuse a \u00e9t\u00e9 retrouv\u00e9;elm:context_link;itc:0;sec:content-canvas\" class=\"link \">Disparition d&rsquo;Agathe Hilairet dans la Vienne : le corps sans vie de la joggeuse a \u00e9t\u00e9 retrouv\u00e9<\/a><br \/><a href=\"https:\/\/www.femmeactuelle.fr\/actu\/news-actu\/un-mois-apres-la-disparition-du-britannique-jay-slater-a-tenerife-un-corps-a-ete-retrouve-2178467\" rel=\"nofollow noopener\" target=\"_blank\" data-ylk=\"slk:Un mois apr\u00e8s la disparition du Britannique Jay Slater \u00e0 Tenerife, un corps a \u00e9t\u00e9 retrouv\u00e9;elm:context_link;itc:0;sec:content-canvas\" class=\"link \">Un mois apr\u00e8s la disparition du Britannique Jay Slater \u00e0 Tenerife, un corps a \u00e9t\u00e9 retrouv\u00e9<\/a><\/p>\n","protected":false},"excerpt":{"rendered":"Il a enfin un nom. Le corps d\u00e9membr\u00e9, qui avait \u00e9t\u00e9 d\u00e9couvert sur les voies du m\u00e9tro \u00e0&hellip;\n","protected":false},"author":2,"featured_media":331355,"comment_status":"","ping_status":"","sticky":false,"template":"","format":"standard","meta":{"footnotes":""},"categories":[1888],"tags":[11,6725,46875,2883,1777,674,1011,27,12,626,25],"class_list":{"0":"post-331354","1":"post","2":"type-post","3":"status-publish","4":"format-standard","5":"has-post-thumbnail","7":"category-paris","8":"tag-actualites","9":"tag-corps","10":"tag-corps-demembre","11":"tag-ete","12":"tag-eu","13":"tag-europe","14":"tag-fr","15":"tag-france","16":"tag-news","17":"tag-paris","18":"tag-republique-francaise"},"share_on_mastodon":{"url":"https:\/\/pubeurope.com\/@fr\/115060624799374977","error":""},"_links":{"self":[{"href":"https:\/\/www.europesays.com\/fr\/wp-json\/wp\/v2\/posts\/331354","targetHints":{"allow":["GET"]}}],"collection":[{"href":"https:\/\/www.europesays.com\/fr\/wp-json\/wp\/v2\/posts"}],"about":[{"href":"https:\/\/www.europesays.com\/fr\/wp-json\/wp\/v2\/types\/post"}],"author":[{"embeddable":true,"href":"https:\/\/www.europesays.com\/fr\/wp-json\/wp\/v2\/users\/2"}],"replies":[{"embeddable":true,"href":"https:\/\/www.europesays.com\/fr\/wp-json\/wp\/v2\/comments?post=331354"}],"version-history":[{"count":0,"href":"https:\/\/www.europesays.com\/fr\/wp-json\/wp\/v2\/posts\/331354\/revisions"}],"wp:featuredmedia":[{"embeddable":true,"href":"https:\/\/www.europesays.com\/fr\/wp-json\/wp\/v2\/media\/331355"}],"wp:attachment":[{"href":"https:\/\/www.europesays.com\/fr\/wp-json\/wp\/v2\/media?parent=331354"}],"wp:term":[{"taxonomy":"category","embeddable":true,"href":"https:\/\/www.europesays.com\/fr\/wp-json\/wp\/v2\/categories?post=331354"},{"taxonomy":"post_tag","embeddable":true,"href":"https:\/\/www.europesays.com\/fr\/wp-json\/wp\/v2\/tags?post=331354"}],"curies":[{"name":"wp","href":"https:\/\/api.w.org\/{rel}","templated":true}]}}