{"id":331356,"date":"2025-08-20T10:29:10","date_gmt":"2025-08-20T10:29:10","guid":{"rendered":"https:\/\/www.europesays.com\/fr\/331356\/"},"modified":"2025-08-20T10:29:10","modified_gmt":"2025-08-20T10:29:10","slug":"nouvelles-sanctions-europeennes-contre-la-russie-bientot-pour-soutenir-lukraine","status":"publish","type":"post","link":"https:\/\/www.europesays.com\/fr\/331356\/","title":{"rendered":"Nouvelles sanctions europ\u00e9ennes contre la Russie bient\u00f4t pour soutenir l&rsquo;Ukraine"},"content":{"rendered":"<p>La responsable de la politique \u00e9trang\u00e8re de l&rsquo;Union europ\u00e9enne <strong>Kaja Kallas<\/strong> a d\u00e9clar\u00e9 hier mardi que l&rsquo;Union europ\u00e9enne travaillait \u00e0 la pr\u00e9paration d&rsquo;un nouveau paquet de sanctions visant l&rsquo;\u00e9conomie russe, confirmant que ce paquet serait pr\u00eat <strong>d&rsquo;ici le mois prochain<\/strong>.<\/p>\n<p>Ses d\u00e9clarations interviennent apr\u00e8s un sommet d&rsquo;urgence en ligne organis\u00e9 par le Conseil europ\u00e9en pour discuter des d\u00e9veloppements de la guerre en Ukraine.<\/p>\n<p>Kallas a pr\u00e9cis\u00e9 que \u00ab\u00a0l&rsquo;unit\u00e9 entre les dirigeants de l&rsquo;Union europ\u00e9enne lors du sommet \u00e9tait palpable\u00a0\u00bb, soulignant que la s\u00e9curit\u00e9 de l&rsquo;Ukraine et les sanctions impos\u00e9es \u00e0 la Russie seraient au c\u0153ur de l&rsquo;ordre du jour de la prochaine r\u00e9union des ministres des Affaires \u00e9trang\u00e8res et de la D\u00e9fense de l&rsquo;Union europ\u00e9enne.<\/p>\n<p>Elle a ajout\u00e9 via la plateforme \u00ab\u00a0X\u00a0\u00bb (anciennement Twitter) : \u00ab\u00a0On ne peut pas faire confiance au pr\u00e9sident russe Vladimir Poutine pour tenir une promesse ou un engagement.<\/p>\n<p>Par cons\u00e9quent, les garanties de s\u00e9curit\u00e9 offertes \u00e0 l&rsquo;Ukraine doivent \u00eatre suffisamment solides et cr\u00e9dibles pour dissuader la Russie de regrouper ses forces et de lancer de nouvelles attaques\u00a0\u00bb.<\/p>\n<p>Ces d\u00e9veloppements surviennent un jour apr\u00e8s un sommet exceptionnel r\u00e9unissant les dirigeants de l&rsquo;Ukraine, de l&rsquo;Union europ\u00e9enne et le pr\u00e9sident am\u00e9ricain Donald Trump dans la capitale am\u00e9ricaine, Washington, dans le cadre d&rsquo;un renforcement de la coordination politique et militaire occidentale en soutien \u00e0 Kiev.<\/p>\n<p>Dans ce contexte, le pr\u00e9sident du Conseil europ\u00e9en, Antonio Costa, a affirm\u00e9 qu&rsquo;il \u00e9tait essentiel de poursuivre le processus d&rsquo;adh\u00e9sion de l&rsquo;Ukraine \u00e0 l&rsquo;Union europ\u00e9enne, soulignant l&rsquo;importance que l&rsquo;Europe soit une partie essentielle de toute n\u00e9gociation de paix future, aux c\u00f4t\u00e9s de l&rsquo;Ukraine, de la Russie et des \u00c9tats-Unis.<\/p>\n<p>Costa a parl\u00e9 aux journalistes depuis Lisbonne via une connexion vid\u00e9o, r\u00e9v\u00e9lant des d\u00e9tails des discussions du sommet de Washington, consid\u00e9rant que \u00ab\u00a0la possibilit\u00e9 d&rsquo;une rencontre entre le pr\u00e9sident ukrainien Volodymyr Zelensky et son homologue russe Vladimir Poutine, m\u00eame si elle est mince, constitue un d\u00e9veloppement positif en soi\u00a0\u00bb.<\/p>\n<p>Pour sa part, des sources am\u00e9ricaines et d&rsquo;autres de l&rsquo;OTAN ont annonc\u00e9 que des dirigeants militaires de l&rsquo;alliance se r\u00e9uniraient aujourd&rsquo;hui mercredi pour discuter des derni\u00e8res \u00e9volutions de la guerre en Ukraine.<\/p>\n<p>Cette r\u00e9union intervient alors que Washington et des pays europ\u00e9ens s&rsquo;efforcent de finaliser les d\u00e9tails d&rsquo;un paquet de garanties de s\u00e9curit\u00e9 \u00e0 long terme pour l&rsquo;Ukraine, dans le but de renforcer ses capacit\u00e9s de d\u00e9fense et de dissuader toute attaque russe potentielle \u00e0 l&rsquo;avenir.<\/p>\n<p>Les mouvements politiques et militaires occidentaux rapides confirment que la crise ukrainienne reste une priorit\u00e9 de l&rsquo;agenda europ\u00e9en et atlantique, alors que les combats se poursuivent et que des craintes d&rsquo;une nouvelle escalade russe persistent.<\/p>\n","protected":false},"excerpt":{"rendered":"La responsable de la politique \u00e9trang\u00e8re de l&rsquo;Union europ\u00e9enne Kaja Kallas a d\u00e9clar\u00e9 hier mardi que l&rsquo;Union europ\u00e9enne&hellip;\n","protected":false},"author":2,"featured_media":331357,"comment_status":"","ping_status":"","sticky":false,"template":"","format":"standard","meta":{"footnotes":""},"categories":[1591],"tags":[11,45969,1887,12,316,1885,1886,132],"class_list":{"0":"post-331356","1":"post","2":"type-post","3":"status-publish","4":"format-standard","5":"has-post-thumbnail","7":"category-russie","8":"tag-actualites","9":"tag-actualites-mondiales","10":"tag-federation-de-russie","11":"tag-news","12":"tag-politique","13":"tag-russia","14":"tag-russian-federation","15":"tag-russie"},"share_on_mastodon":{"url":"https:\/\/pubeurope.com\/@fr\/115060628803708567","error":""},"_links":{"self":[{"href":"https:\/\/www.europesays.com\/fr\/wp-json\/wp\/v2\/posts\/331356","targetHints":{"allow":["GET"]}}],"collection":[{"href":"https:\/\/www.europesays.com\/fr\/wp-json\/wp\/v2\/posts"}],"about":[{"href":"https:\/\/www.europesays.com\/fr\/wp-json\/wp\/v2\/types\/post"}],"author":[{"embeddable":true,"href":"https:\/\/www.europesays.com\/fr\/wp-json\/wp\/v2\/users\/2"}],"replies":[{"embeddable":true,"href":"https:\/\/www.europesays.com\/fr\/wp-json\/wp\/v2\/comments?post=331356"}],"version-history":[{"count":0,"href":"https:\/\/www.europesays.com\/fr\/wp-json\/wp\/v2\/posts\/331356\/revisions"}],"wp:featuredmedia":[{"embeddable":true,"href":"https:\/\/www.europesays.com\/fr\/wp-json\/wp\/v2\/media\/331357"}],"wp:attachment":[{"href":"https:\/\/www.europesays.com\/fr\/wp-json\/wp\/v2\/media?parent=331356"}],"wp:term":[{"taxonomy":"category","embeddable":true,"href":"https:\/\/www.europesays.com\/fr\/wp-json\/wp\/v2\/categories?post=331356"},{"taxonomy":"post_tag","embeddable":true,"href":"https:\/\/www.europesays.com\/fr\/wp-json\/wp\/v2\/tags?post=331356"}],"curies":[{"name":"wp","href":"https:\/\/api.w.org\/{rel}","templated":true}]}}