{"id":331360,"date":"2025-08-20T10:31:13","date_gmt":"2025-08-20T10:31:13","guid":{"rendered":"https:\/\/www.europesays.com\/fr\/331360\/"},"modified":"2025-08-20T10:31:13","modified_gmt":"2025-08-20T10:31:13","slug":"quand-les-geants-de-la-tech-sont-devenus-les-nouveaux-rois-du-monde","status":"publish","type":"post","link":"https:\/\/www.europesays.com\/fr\/331360\/","title":{"rendered":"Quand les g\u00e9ants de la tech sont devenus les nouveaux rois du monde"},"content":{"rendered":"<p>      <img fetchpriority=\"high\" decoding=\"async\" class=\"mx-auto\" src=\"data:image\/svg+xml,%3Csvg%20xmlns%3D%27http%3A%2F%2Fwww.w3.org%2F2000%2Fsvg%27%20fill%3D%22%23e4e4e4%22%20viewBox%3D%270%200%20510%20340%27%20width%3D%22510%22%20height%3D%22340%22%3E%3Cpath%20d%3D%27M0%200h510v340H0z%27%2F%3E%3C%2Fsvg%3E\"  loading=\"eager\" width=\"510\" height=\"340\" data-oncrawl-image-size=\"510x340\" alt=\"Remettre en cause les d\u00e9rives des Gafam para\u00eet compliqu\u00e9, d\u2019autant que leurs patrons se sont  tous rapproch\u00e9 de Trump.\"\/>      <\/p>\n<p class=\"latino-100m text-grey-600\">\n            Remettre en cause les d\u00e9rives des Gafam para\u00eet compliqu\u00e9, d\u2019autant que leurs patrons se sont  tous rapproch\u00e9 de Trump.\u00a0THOMAS GREFFARD POUR \u00ab\u00a0LE NOUVEL OBS\u00a0\u00bb        <\/p>\n<p>        Lire\u00a0plus\u00a0tard      <\/p>\n<p><a aria-label=\"Nous suivre sur Google News\" href=\"https:\/\/news.google.com\/publications\/CAAqBwgKMJe4nQkw3dFs?hl=fr&amp;gl=FR&amp;ceid=FR%3Afr\" target=\"_blank\" data-piano=\"Page_Article,Sous_date_publi,Nous_suivre_sur_google_news,1er_clic,action\" class=\"btn btn--small btn--tertiary btn--icon-only\" rel=\"noopener\"><\/p>\n<p>      Google Actualit\u00e9s<br \/>\n  <\/a><\/p>\n<p>  Partager<\/p>\n<p>        Facebook<\/p>\n<p>        Bluesky<\/p>\n<p>        E-mail<\/p>\n<p>        Copier le lien<\/p>\n<p>      Envoyer<\/p>\n<p>      S\u2019abonner pour lire    <\/p>\n<p class=\"latino-500b text-grey-600\">Pour aller plus loin<\/p>\n<p class=\"node__paragraphe antonia-750r text-grey-800 pb-24 pb-md-30\">\n\u00ab\u00a0C\u2019est extr\u00eamement important pour l\u2019avenir de l\u2019humanit\u00e9.\u00a0[\u2026] C\u2019est important pour le fonctionnement de la d\u00e9mocratie, pour contribuer \u00e0 la libert\u00e9 dans le monde.\u00a0\u00bb Cette envol\u00e9e m\u00e9galo est formul\u00e9e par <a href=\"https:\/\/www.nouvelobs.com\/economie\/20250327.OBS102017\/musk-est-ivre-de-pouvoir-ce-qu-il-veut-c-est-la-gloire-eternelle.html\" target=\"_blank\" rel=\"noopener\">Elon Musk, multimilliardaire \u00e0 la t\u00eate de Tesla et SpaceX<\/a>, alors qu\u2019il vient de s\u2019offrir le r\u00e9seau social Twitter, au printemps 2022, pour 44\u00a0milliards de dollars. Une op\u00e9ration in\u00e9dite \u00e0 plus d\u2019un titre.<\/p>\n<p class=\"node__paragraphe antonia-750r text-grey-800 pb-8\">\nL\u00e0 o\u00f9 d\u2019autres milliardaires ach\u00e8tent des journaux ou des yachts, l\u2019homme le plus riche du monde fait main basse sur un incontournable acteur de la tech, qui plus est en un temps record. Twitter, ce n\u2019est pas n\u2019importe quelle plateforme\u00a0: pens\u00e9e et promue comme \u00ab\u00a0une place publique num\u00e9rique\u00a0\u00bb o\u00f9 se\u2026<\/p>\n<p>  <img loading=\"lazy\" decoding=\"async\" class=\"floating-img\" src=\"https:\/\/www.europesays.com\/fr\/wp-content\/uploads\/2025\/07\/img-paywall@2x.png\" width=\"142\" height=\"91\" alt=\"\"\/><\/p>\n<p class=\"latino-100m text-blue-400\">Article r\u00e9serv\u00e9 aux abonn\u00e9s.<\/p>\n<p>          Se connecter<\/p>\n<p class=\"pb-16 text-center antonia-1850c\">Offre d\u2019\u00e9t\u00e9\u00a0:<br \/>1\u20ac\/mois pendant 6\u00a0mois<\/p>\n<p>\n        S&rsquo;abonner\n      <\/p>\n<p>          D\u00e9couvrir toutes nos offres<\/p>\n","protected":false},"excerpt":{"rendered":"Remettre en cause les d\u00e9rives des Gafam para\u00eet compliqu\u00e9, d\u2019autant que leurs patrons se sont tous rapproch\u00e9 de&hellip;\n","protected":false},"author":2,"featured_media":331361,"comment_status":"","ping_status":"","sticky":false,"template":"","format":"standard","meta":{"footnotes":""},"categories":[1589],"tags":[17,11,29174,73,1866,4926,937,36793,3246,74,12,45330,16033,1864,1865,1863,308],"class_list":{"0":"post-331360","1":"post","2":"type-post","3":"status-publish","4":"format-standard","5":"has-post-thumbnail","7":"category-etats-unis","8":"tag-17","9":"tag-actualites","10":"tag-devenus","11":"tag-etats-unis","12":"tag-etats-unis-damerique","13":"tag-geants","14":"tag-histoire","15":"tag-histoire-des-etats-unis","16":"tag-idees","17":"tag-monde","18":"tag-news","19":"tag-rois","20":"tag-tech","21":"tag-united-states","22":"tag-united-states-of-america","23":"tag-us","24":"tag-usa"},"share_on_mastodon":{"url":"https:\/\/pubeurope.com\/@fr\/115060636931188390","error":""},"_links":{"self":[{"href":"https:\/\/www.europesays.com\/fr\/wp-json\/wp\/v2\/posts\/331360","targetHints":{"allow":["GET"]}}],"collection":[{"href":"https:\/\/www.europesays.com\/fr\/wp-json\/wp\/v2\/posts"}],"about":[{"href":"https:\/\/www.europesays.com\/fr\/wp-json\/wp\/v2\/types\/post"}],"author":[{"embeddable":true,"href":"https:\/\/www.europesays.com\/fr\/wp-json\/wp\/v2\/users\/2"}],"replies":[{"embeddable":true,"href":"https:\/\/www.europesays.com\/fr\/wp-json\/wp\/v2\/comments?post=331360"}],"version-history":[{"count":0,"href":"https:\/\/www.europesays.com\/fr\/wp-json\/wp\/v2\/posts\/331360\/revisions"}],"wp:featuredmedia":[{"embeddable":true,"href":"https:\/\/www.europesays.com\/fr\/wp-json\/wp\/v2\/media\/331361"}],"wp:attachment":[{"href":"https:\/\/www.europesays.com\/fr\/wp-json\/wp\/v2\/media?parent=331360"}],"wp:term":[{"taxonomy":"category","embeddable":true,"href":"https:\/\/www.europesays.com\/fr\/wp-json\/wp\/v2\/categories?post=331360"},{"taxonomy":"post_tag","embeddable":true,"href":"https:\/\/www.europesays.com\/fr\/wp-json\/wp\/v2\/tags?post=331360"}],"curies":[{"name":"wp","href":"https:\/\/api.w.org\/{rel}","templated":true}]}}