{"id":331362,"date":"2025-08-20T10:32:09","date_gmt":"2025-08-20T10:32:09","guid":{"rendered":"https:\/\/www.europesays.com\/fr\/331362\/"},"modified":"2025-08-20T10:32:09","modified_gmt":"2025-08-20T10:32:09","slug":"linflation-accelere-encore-en-juillet-a-38-sur-un-an","status":"publish","type":"post","link":"https:\/\/www.europesays.com\/fr\/331362\/","title":{"rendered":"l&rsquo;inflation acc\u00e9l\u00e8re encore en juillet, \u00e0 3,8% sur un an"},"content":{"rendered":"<p class=\"fig-paragraph\">L&rsquo;<a href=\"http:\/\/www.lefigaro.fr\/flash-eco\/inflation-les-prix-a-la-consommation-ont-augmente-de-0-2-sur-un-mois-et-de-1-0-sur-un-an-en-juillet-20250814\" target=\"_blank\" data-fig-type=\"NewsFlash\" rel=\"noopener\" data-gtm-custom-categorie=\"navigation\" data-gtm-custom-action=\"crossclick\" data-gtm-custom-label=\"Contextuel\" data-gtm-event=\"customEventSPE\" data-fig-domain=\"LEFIGARO\">inflation<\/a>\u00a0a progress\u00e9 au-del\u00e0 des pr\u00e9visions en juillet au Royaume-Uni, \u00e0 3,8% sur un an, contre 3,6% en juin, a annonc\u00e9 mercredi l&rsquo;Office national des statistiques (ONS), amplifiant la pression sur le gouvernement britannique. \u00abNous sommes loin de l&rsquo;inflation \u00e0 deux chiffres que nous avons connue sous le gouvernement pr\u00e9c\u00e9dent, mais il reste encore beaucoup \u00e0 faire pour all\u00e9ger le co\u00fbt de la vie\u00bb, a reconnu la ministre travailliste des Finances Rachel Reeves dans un communiqu\u00e9.<\/p>\n<p class=\"fig-paragraph\">Ce niveau d&rsquo;inflation, le plus \u00e9lev\u00e9 depuis janvier 2024, est sup\u00e9rieur aux attentes des analystes, qui tablaient sur une hausse de 3,7%, selon le consensus \u00e9tabli par Bloomberg. La publication de ce chiffre fait suite \u00e0 celui de la croissance du PIB au deuxi\u00e8me trimestre la semaine pass\u00e9e, qui est rest\u00e9e faible, \u00e0 0,3%, alimentant les craintes de \u00abstagflation\u00bb, une inflation durable combin\u00e9e \u00e0 une croissance fragile.<\/p>\n<p>                                    <a class=\"fig-a11y-skip a11y-hidden\" href=\"#fig-a11y-skip-main-inarticle\"><br \/>\n        Passer la publicit\u00e9<br \/>\n    <\/a><\/p>\n<p class=\"fig-paragraph\">Un tel taux d&rsquo;inflation accro\u00eet un peu plus la pression sur le gouvernement travailliste, qui peine \u00e0 relancer l&rsquo;activit\u00e9 \u00e9conomique, apr\u00e8s avoir annonc\u00e9 d&rsquo;importantes hausses d&rsquo;imp\u00f4ts et des coupes drastiques dans les finances publiques l&rsquo;an pass\u00e9. Ce niveau de hausse de prix s&rsquo;explique d&rsquo;abord par la hausse des tarifs a\u00e9riens, mais aussi des prix du p\u00e9trole, du gazole et des denr\u00e9es alimentaires, notamment le caf\u00e9, le jus d&rsquo;orange, la viande et le chocolat, selon l&rsquo;ONS.<\/p>\n<p>La tourn\u00e9e d\u2019Oasis \u00aba fait grimper les prix des h\u00f4tels\u00bb<\/p>\n<p class=\"fig-paragraph\">\u00abLa lecture de l&rsquo;inflation de juillet est perturb\u00e9e par des effets saisonniers li\u00e9s aux vacances d&rsquo;\u00e9t\u00e9\u00bb, rel\u00e8ve Lindsay James, de Quilter Investors, citant aussi \u00ab<a href=\"http:\/\/www.lefigaro.fr\/musique\/un-milliard-d-euros-quand-la-nouvelle-tournee-d-oasis-dope-l-economie-britannique-20250704\" target=\"_blank\" data-fig-type=\"NewsFlash\" rel=\"noopener\" data-gtm-custom-categorie=\"navigation\" data-gtm-custom-action=\"crossclick\" data-gtm-custom-label=\"Contextuel\" data-gtm-event=\"customEventSPE\" data-fig-domain=\"LEFIGARO\">la tourn\u00e9e de r\u00e9unions d&rsquo;Oasis<\/a> , tr\u00e8s attendue\u00bb, qui \u00aba fait grimper les prix des h\u00f4tels\u00bb. La forte hausse des cotisations patronales, d\u00e9cid\u00e9e par le gouvernement travailliste et entr\u00e9e en vigueur en avril, joue \u00e9galement un r\u00f4le important dans la mont\u00e9e des prix, selon elle. \u00abL&rsquo;incertitude demeure quant \u00e0 l&rsquo;impact de la politique commerciale am\u00e9ricaine\u00bb, mais \u00abl&rsquo;introduction de nouveaux droits de douane \u00e0 l&rsquo;\u00e9chelle mondiale n&rsquo;am\u00e9liore probablement pas la situation\u00bb, ajoute l&rsquo;analyste.<\/p>\n<p class=\"fig-paragraph\">Reste qu&rsquo;\u00e0 3,8%, l&rsquo;inflation est presque deux fois sup\u00e9rieure \u00e0 la hausse des prix de 2% en glissement annuel observ\u00e9e en juillet dans la zone euro, et \u00e0 l&rsquo;objectif de 2% que s&rsquo;est fix\u00e9 la Banque d&rsquo;Angleterre (BoE). \u00abComme si cela ne suffisait pas, la situation devrait encore s&rsquo;aggraver\u00bb, remarque Matthew Ryan, analyste chez Ebury, \u00abl&rsquo;inflation devant culminer \u00e0 plus de 4% le mois prochain avant de se mod\u00e9rer vers la fin de l&rsquo;ann\u00e9e\u00bb. Tout ceci accentue \u00abla pression sur la BoE pour qu&rsquo;elle maintienne ses taux inchang\u00e9s\u00bb, ajoute-t-il, disant ne plus pr\u00e9voir \u00abaucune baisse pour le reste de l&rsquo;ann\u00e9e\u00bb. La BoE vient tout juste d&rsquo;abaisser son taux directeur \u00e0 4%, \u00e0 l&rsquo;issue d&rsquo;un vote serr\u00e9, pour soutenir une \u00e9conomie \u00e0 la peine. Elle avait appel\u00e9 \u00e0 la prudence pour la suite.<\/p>\n","protected":false},"excerpt":{"rendered":"L&rsquo;inflation\u00a0a progress\u00e9 au-del\u00e0 des pr\u00e9visions en juillet au Royaume-Uni, \u00e0 3,8% sur un an, contre 3,6% en juin,&hellip;\n","protected":false},"author":2,"featured_media":331363,"comment_status":"","ping_status":"","sticky":false,"template":"","format":"standard","meta":{"footnotes":""},"categories":[1588],"tags":[11,1777,674,9345,12,473,1853,1851,1850,1852],"class_list":{"0":"post-331362","1":"post","2":"type-post","3":"status-publish","4":"format-standard","5":"has-post-thumbnail","7":"category-royaume-uni","8":"tag-actualites","9":"tag-eu","10":"tag-europe","11":"tag-inflation","12":"tag-news","13":"tag-royaume-uni","14":"tag-royaume-uni-de-grande-bretagne-et-dirlande-du-nord","15":"tag-uk","16":"tag-united-kingdom","17":"tag-united-kingdom-of-great-britain-and-northern-ireland"},"share_on_mastodon":{"url":"https:\/\/pubeurope.com\/@fr\/115060640542158302","error":""},"_links":{"self":[{"href":"https:\/\/www.europesays.com\/fr\/wp-json\/wp\/v2\/posts\/331362","targetHints":{"allow":["GET"]}}],"collection":[{"href":"https:\/\/www.europesays.com\/fr\/wp-json\/wp\/v2\/posts"}],"about":[{"href":"https:\/\/www.europesays.com\/fr\/wp-json\/wp\/v2\/types\/post"}],"author":[{"embeddable":true,"href":"https:\/\/www.europesays.com\/fr\/wp-json\/wp\/v2\/users\/2"}],"replies":[{"embeddable":true,"href":"https:\/\/www.europesays.com\/fr\/wp-json\/wp\/v2\/comments?post=331362"}],"version-history":[{"count":0,"href":"https:\/\/www.europesays.com\/fr\/wp-json\/wp\/v2\/posts\/331362\/revisions"}],"wp:featuredmedia":[{"embeddable":true,"href":"https:\/\/www.europesays.com\/fr\/wp-json\/wp\/v2\/media\/331363"}],"wp:attachment":[{"href":"https:\/\/www.europesays.com\/fr\/wp-json\/wp\/v2\/media?parent=331362"}],"wp:term":[{"taxonomy":"category","embeddable":true,"href":"https:\/\/www.europesays.com\/fr\/wp-json\/wp\/v2\/categories?post=331362"},{"taxonomy":"post_tag","embeddable":true,"href":"https:\/\/www.europesays.com\/fr\/wp-json\/wp\/v2\/tags?post=331362"}],"curies":[{"name":"wp","href":"https:\/\/api.w.org\/{rel}","templated":true}]}}