{"id":331364,"date":"2025-08-20T10:33:10","date_gmt":"2025-08-20T10:33:10","guid":{"rendered":"https:\/\/www.europesays.com\/fr\/331364\/"},"modified":"2025-08-20T10:33:10","modified_gmt":"2025-08-20T10:33:10","slug":"leurs-vacances-en-caravane-tournent-au-fiasco-en-allemagne-les-gendarmes-sauvent-le-coup-pres-de-lyon","status":"publish","type":"post","link":"https:\/\/www.europesays.com\/fr\/331364\/","title":{"rendered":"Leurs vacances en caravane tournent au fiasco en Allemagne, les gendarmes sauvent le coup pr\u00e8s de Lyon"},"content":{"rendered":"<p>            Par<br \/>\n        <strong><br \/>\n            <a href=\"https:\/\/actu.fr\/auteur\/anthony-soudani\" title=\"Consulter tous les articles de Anthony Soudani\" target=\"_blank\" rel=\"noopener\">Anthony Soudani<\/a><br \/>\n        <\/strong><\/p>\n<p>        Publi\u00e9 le<\/p>\n<p>            20 ao\u00fbt 2025 \u00e0 9h13        <\/p>\n<p>Le vendredi 15 ao\u00fbt 2025, un couple de ressortissants fran\u00e7ais se fait <strong>d\u00e9rober sa caravane en Allemagne<\/strong>. Ils pr\u00e9viennent rapidement la police allemande qui diffuse via le centre de coop\u00e9ration polici\u00e8re et douani\u00e8re de Kehl un signalement permettant \u00e0 la gendarmerie du <a href=\"https:\/\/actu.fr\/voix-du-jura\/\" target=\"_blank\" rel=\"noopener\">Jura<\/a> de localiser la caravane vol\u00e9e sur l\u2019A39.<\/p>\n<p>    <a href=\"https:\/\/www.google.com\/maps\/embed?pb=!1m18!1m12!1m3!1d655744.3832877702!2d4.825363911786742!3d46.27224460238073!2m3!1f0!2f0!3f0!3m2!1i1024!2i768!4f13.1!3m3!1m2!1s0x47f34d004147a785%3A0x452e0519458adc1f!2saire%20de%20marmont!5e0!3m2!1sfr!2sfr!4v1755673257573!5m2!1sfr!2sfr\" title=\"Ouvrie le lien\" target=\"_blank\" rel=\"noopener\">Cliquez ici pour visualiser le contenu<\/a><\/p>\n<p class=\" wall-content\">L\u2019Escadron d\u00e9partemental de s\u00e9curit\u00e9 routi\u00e8re du Jura jalonne le v\u00e9hicule jusqu\u2019\u00e0 l\u2019aire de repos de Marmont, situ\u00e9e \u00e0 un peu plus d\u2019une heure de <a href=\"https:\/\/actu.fr\/lyon\/\" target=\"_blank\" rel=\"noopener\">Lyon<\/a>, <strong>au nord de Bourg-en-Bresse<\/strong> (Ain).<\/p>\n<p class=\" wall-content\">Lieu de comp\u00e9tence de l\u2019EDSR de l\u2019Ain, les gendarmes du secteur sont pr\u00e9venus pour proc\u00e9der \u00e0 l\u2019interpellation des personnes.<\/p>\n<p>Trois personnes interpell\u00e9es sur l\u2019A39<\/p>\n<p class=\" wall-content\">Un mandat d\u2019arr\u00eat international est d\u00e9livr\u00e9 aux autorit\u00e9s fran\u00e7aises permettant l\u2019interpellation et le placement en garde \u00e0 vue de trois personnes.<strong> L\u2019enqu\u00eate est confi\u00e9e aux militaires de l\u2019Ain.\u00a0<\/strong><\/p>\n<p class=\" wall-content\">\u00ab\u00a0Si la criminalit\u00e9 n\u2019a pas de fronti\u00e8re, la coop\u00e9ration internationale sait s\u2019adapter et r\u00e9agir pour renforcer notre capacit\u00e9 d\u2019intervention. Une belle illustration du travail en commun au service de votre s\u00e9curit\u00e9\u00a0\u00bb, r\u00e9agissent les gendarmes de l\u2019Ain.\u00a0<\/p>\n<p class=\" wall-content\">Le couple de Fran\u00e7ais est, lui, soulag\u00e9. Les vacances d\u2019ao\u00fbt ne sont pas totalement g\u00e2ch\u00e9es.\u00a0<\/p>\n<p class=\" wall-content\">Personnalisez votre actualit\u00e9 en ajoutant vos villes et m\u00e9dias en favori avec <a href=\"https:\/\/moncompte.actu.fr\" title=\"D\u00e9couvez Mon Actu\" rel=\"nofollow noopener\" data-trk=\"{&quot;cta&quot;:{&quot;action&quot;:&quot;https:\\\/\\\/moncompte.actu.fr&quot;,&quot;category&quot;:&quot;mon compte&quot;,&quot;from&quot;:&quot;article footer&quot;,&quot;name&quot;:&quot;Mon actu&quot;,&quot;type&quot;:&quot;cta&quot;}}\" target=\"_blank\">Mon Actu<\/a>.<\/p>\n","protected":false},"excerpt":{"rendered":"Par Anthony Soudani Publi\u00e9 le 20 ao\u00fbt 2025 \u00e0 9h13 Le vendredi 15 ao\u00fbt 2025, un couple de&hellip;\n","protected":false},"author":2,"featured_media":331365,"comment_status":"","ping_status":"","sticky":false,"template":"","format":"standard","meta":{"footnotes":""},"categories":[1587],"tags":[11,672,1804,1805,1803,1777,674,118,3381,1801,12,1802,3176],"class_list":{"0":"post-331364","1":"post","2":"type-post","3":"status-publish","4":"format-standard","5":"has-post-thumbnail","7":"category-allemagne","8":"tag-actualites","9":"tag-allemagne","10":"tag-bundesrepublik-deutschland","11":"tag-de","12":"tag-deutschland","13":"tag-eu","14":"tag-europe","15":"tag-faits-divers","16":"tag-gendarmerie","17":"tag-germany","18":"tag-news","19":"tag-republique-federale-dallemagne","20":"tag-vacances-scolaires"},"share_on_mastodon":{"url":"https:\/\/pubeurope.com\/@fr\/115060644509832140","error":""},"_links":{"self":[{"href":"https:\/\/www.europesays.com\/fr\/wp-json\/wp\/v2\/posts\/331364","targetHints":{"allow":["GET"]}}],"collection":[{"href":"https:\/\/www.europesays.com\/fr\/wp-json\/wp\/v2\/posts"}],"about":[{"href":"https:\/\/www.europesays.com\/fr\/wp-json\/wp\/v2\/types\/post"}],"author":[{"embeddable":true,"href":"https:\/\/www.europesays.com\/fr\/wp-json\/wp\/v2\/users\/2"}],"replies":[{"embeddable":true,"href":"https:\/\/www.europesays.com\/fr\/wp-json\/wp\/v2\/comments?post=331364"}],"version-history":[{"count":0,"href":"https:\/\/www.europesays.com\/fr\/wp-json\/wp\/v2\/posts\/331364\/revisions"}],"wp:featuredmedia":[{"embeddable":true,"href":"https:\/\/www.europesays.com\/fr\/wp-json\/wp\/v2\/media\/331365"}],"wp:attachment":[{"href":"https:\/\/www.europesays.com\/fr\/wp-json\/wp\/v2\/media?parent=331364"}],"wp:term":[{"taxonomy":"category","embeddable":true,"href":"https:\/\/www.europesays.com\/fr\/wp-json\/wp\/v2\/categories?post=331364"},{"taxonomy":"post_tag","embeddable":true,"href":"https:\/\/www.europesays.com\/fr\/wp-json\/wp\/v2\/tags?post=331364"}],"curies":[{"name":"wp","href":"https:\/\/api.w.org\/{rel}","templated":true}]}}