{"id":331368,"date":"2025-08-20T10:35:16","date_gmt":"2025-08-20T10:35:16","guid":{"rendered":"https:\/\/www.europesays.com\/fr\/331368\/"},"modified":"2025-08-20T10:35:16","modified_gmt":"2025-08-20T10:35:16","slug":"gaza-le-ministre-de-la-defense-israelien-donne-son-feu-vert-au-plan-de-conquete-de-la-ville-des-fonctionnaires-europeens-reclament-une-reaction","status":"publish","type":"post","link":"https:\/\/www.europesays.com\/fr\/331368\/","title":{"rendered":"Gaza\u00a0: le ministre de la D\u00e9fense isra\u00e9lien donne son feu vert au plan de conqu\u00eate de la ville, des fonctionnaires europ\u00e9ens r\u00e9clament une r\u00e9action"},"content":{"rendered":"<p>\tGaza\u00a0: le ministre de la D\u00e9fense isra\u00e9lien donne son feu vert au plan de conqu\u00eate de la ville, des fonctionnaires europ\u00e9ens r\u00e9clament une r\u00e9action &#8211; Touteleurope.eu<\/p>\n<p>\t\t<img decoding=\"async\" alt=\"fermer\" class=\"close-info\" src=\"https:\/\/www.touteleurope.eu\/wp-content\/themes\/toute_leurope\/assets\/images\/close-picto-blue.svg\"\/><\/p>\n<p>Touteleurope.eu est le site p\u00e9dagogique de r\u00e9f\u00e9rence sur les questions europ\u00e9ennes : <a href=\"https:\/\/www.touteleurope.eu\/qui-sommes-nous\/\" target=\"_blank\" rel=\"noopener\">Qui sommes-nous ?<\/a><\/p>\n<p><img decoding=\"async\" class=\"logo-pdf\" alt=\"Toute L'Europe \u2013 Comprendre l'Europe\" src=\"data:image\/svg+xml,%3Csvg%20xmlns=\" http:=\"\" data-lazy-src=\"https:\/\/www.touteleurope.eu\/wp-content\/themes\/toute_leurope\/assets\/images\/logo-ttl.svg\"\/><\/p>\n","protected":false},"excerpt":{"rendered":"Gaza\u00a0: le ministre de la D\u00e9fense isra\u00e9lien donne son feu vert au plan de conqu\u00eate de la ville,&hellip;\n","protected":false},"author":2,"featured_media":331369,"comment_status":"","ping_status":"","sticky":false,"template":"","format":"standard","meta":{"footnotes":""},"categories":[1586],"tags":[11,312,6492,1777,674,1779,1011,27,10264,664,3257,12,3518,25,1778,364],"class_list":{"0":"post-331368","1":"post","2":"type-post","3":"status-publish","4":"format-standard","5":"has-post-thumbnail","7":"category-europe","8":"tag-actualites","9":"tag-diplomatie","10":"tag-droits-de-lhomme","11":"tag-eu","12":"tag-europe","13":"tag-european-union","14":"tag-fr","15":"tag-france","16":"tag-humanitaire","17":"tag-israel","18":"tag-moyen-orient","19":"tag-news","20":"tag-palestine","21":"tag-republique-francaise","22":"tag-ue","23":"tag-union-europeenne"},"share_on_mastodon":{"url":"https:\/\/pubeurope.com\/@fr\/115060652430612871","error":""},"_links":{"self":[{"href":"https:\/\/www.europesays.com\/fr\/wp-json\/wp\/v2\/posts\/331368","targetHints":{"allow":["GET"]}}],"collection":[{"href":"https:\/\/www.europesays.com\/fr\/wp-json\/wp\/v2\/posts"}],"about":[{"href":"https:\/\/www.europesays.com\/fr\/wp-json\/wp\/v2\/types\/post"}],"author":[{"embeddable":true,"href":"https:\/\/www.europesays.com\/fr\/wp-json\/wp\/v2\/users\/2"}],"replies":[{"embeddable":true,"href":"https:\/\/www.europesays.com\/fr\/wp-json\/wp\/v2\/comments?post=331368"}],"version-history":[{"count":0,"href":"https:\/\/www.europesays.com\/fr\/wp-json\/wp\/v2\/posts\/331368\/revisions"}],"wp:featuredmedia":[{"embeddable":true,"href":"https:\/\/www.europesays.com\/fr\/wp-json\/wp\/v2\/media\/331369"}],"wp:attachment":[{"href":"https:\/\/www.europesays.com\/fr\/wp-json\/wp\/v2\/media?parent=331368"}],"wp:term":[{"taxonomy":"category","embeddable":true,"href":"https:\/\/www.europesays.com\/fr\/wp-json\/wp\/v2\/categories?post=331368"},{"taxonomy":"post_tag","embeddable":true,"href":"https:\/\/www.europesays.com\/fr\/wp-json\/wp\/v2\/tags?post=331368"}],"curies":[{"name":"wp","href":"https:\/\/api.w.org\/{rel}","templated":true}]}}