{"id":331378,"date":"2025-08-20T10:41:11","date_gmt":"2025-08-20T10:41:11","guid":{"rendered":"https:\/\/www.europesays.com\/fr\/331378\/"},"modified":"2025-08-20T10:41:11","modified_gmt":"2025-08-20T10:41:11","slug":"bru-justifie-sa-prolongation-et-previent-les-concurrents-comme-le-stade-toulousain","status":"publish","type":"post","link":"https:\/\/www.europesays.com\/fr\/331378\/","title":{"rendered":"Bru justifie sa prolongation et pr\u00e9vient les concurrents comme le Stade Toulousain"},"content":{"rendered":"<p>L\u2019Union Bordeaux-B\u00e8gles n\u2019a pas tergivers\u00e9. Si Yannick Bru \u00e9tait encore sous contrat jusqu\u2019en 2027, Laurent Marti a pr\u00e9f\u00e9r\u00e9 prendre les devants pendant l\u2019intersaison. Le pr\u00e9sident de l\u2019UBB est parvenu \u00e0 un accord avec son manager pour une prolongation jusqu\u2019en 2029. Un choix fort qui symbolise la confiance de la direction envers le projet entam\u00e9 par l\u2019ancien talonneur en 2023. Depuis son arriv\u00e9e, les Girondins ont encore chang\u00e9 de dimension, disputant trois finales et remportant le premier titre de leur histoire l\u2019an pass\u00e9, en Champions Cup.<\/p>\n<p>Au moment de motiver sa d\u00e9cision de prolonger, Yannick Bru n\u2019a pas h\u00e9sit\u00e9 longtemps, estimant \u00eatre au meilleur endroit pour gagner des troph\u00e9es comme il l\u2019a expliqu\u00e9 dans les colonnes de <a href=\"https:\/\/www.sudouest.fr\/sport\/rugby\/bordeaux-begles\/union-bordeaux-begles-ubb-cette-capacite-a-se-renouveler-ca-occupe-beaucoup-mon-esprit-souligne-yannick-bru-25603154.php\" rel=\"nofollow noopener\" target=\"_blank\">Sud-Ouest.<\/a><\/p>\n<blockquote>\n<p>\u00ab\u00a0C\u2019\u00e9tait un choix naturel. J\u2019arrivais d\u00e9j\u00e0 \u00e0 la moiti\u00e9 de mon premier engagement. Laurent (Marti, le pr\u00e9sident) m\u2019a fait part de son envie de continuer, mon envie \u00e9tait totalement r\u00e9ciproque. Je suis tr\u00e8s bien o\u00f9 je suis. L\u2019UBB a les arguments sportifs, \u00e9conomiques, structurels pour tutoyer l\u2019excellence sur les ann\u00e9es \u00e0 venir. Sportivement, c\u2019est un des endroits o\u00f9 il faut \u00eatre. Je suis ravi de la confiance que me renvoie la direction du club.\u00a0\u00bb<\/p>\n<\/blockquote>\n<p>Partagez cette info avec vos amis et vos proches en cliquant ici<br \/>Pour r\u00e9sumer<\/p>\n<p>Yannick Bru a justifi\u00e9 dans les colonnes de Sud-Ouest les raisons l\u2019ayant pouss\u00e9 \u00e0 prolonger son contrat avec l\u2019Union Bordeaux-B\u00e8gles jusqu\u2019en 2029. Le manager a faim de titres avec le groupe girondin pour les saisons \u00e0 venir.<\/p>\n<p> <img decoding=\"async\" width=\"76\" height=\"76\" loading=\"lazy\" src=\"https:\/\/www.europesays.com\/fr\/wp-content\/uploads\/2025\/04\/avatar-quinze.png\" alt=\"Arnaud D\u00e9chelotte\"\/><\/p>\n","protected":false},"excerpt":{"rendered":"L\u2019Union Bordeaux-B\u00e8gles n\u2019a pas tergivers\u00e9. Si Yannick Bru \u00e9tait encore sous contrat jusqu\u2019en 2027, Laurent Marti a pr\u00e9f\u00e9r\u00e9&hellip;\n","protected":false},"author":2,"featured_media":331379,"comment_status":"","ping_status":"","sticky":false,"template":"","format":"standard","meta":{"footnotes":""},"categories":[1416],"tags":[1011,27,479,1468,60],"class_list":{"0":"post-331378","1":"post","2":"type-post","3":"status-publish","4":"format-standard","5":"has-post-thumbnail","7":"category-rugby","8":"tag-fr","9":"tag-france","10":"tag-rugby","11":"tag-rugby-football","12":"tag-sports"},"share_on_mastodon":{"url":"https:\/\/pubeurope.com\/@fr\/115060676351942703","error":""},"_links":{"self":[{"href":"https:\/\/www.europesays.com\/fr\/wp-json\/wp\/v2\/posts\/331378","targetHints":{"allow":["GET"]}}],"collection":[{"href":"https:\/\/www.europesays.com\/fr\/wp-json\/wp\/v2\/posts"}],"about":[{"href":"https:\/\/www.europesays.com\/fr\/wp-json\/wp\/v2\/types\/post"}],"author":[{"embeddable":true,"href":"https:\/\/www.europesays.com\/fr\/wp-json\/wp\/v2\/users\/2"}],"replies":[{"embeddable":true,"href":"https:\/\/www.europesays.com\/fr\/wp-json\/wp\/v2\/comments?post=331378"}],"version-history":[{"count":0,"href":"https:\/\/www.europesays.com\/fr\/wp-json\/wp\/v2\/posts\/331378\/revisions"}],"wp:featuredmedia":[{"embeddable":true,"href":"https:\/\/www.europesays.com\/fr\/wp-json\/wp\/v2\/media\/331379"}],"wp:attachment":[{"href":"https:\/\/www.europesays.com\/fr\/wp-json\/wp\/v2\/media?parent=331378"}],"wp:term":[{"taxonomy":"category","embeddable":true,"href":"https:\/\/www.europesays.com\/fr\/wp-json\/wp\/v2\/categories?post=331378"},{"taxonomy":"post_tag","embeddable":true,"href":"https:\/\/www.europesays.com\/fr\/wp-json\/wp\/v2\/tags?post=331378"}],"curies":[{"name":"wp","href":"https:\/\/api.w.org\/{rel}","templated":true}]}}