{"id":331380,"date":"2025-08-20T10:42:10","date_gmt":"2025-08-20T10:42:10","guid":{"rendered":"https:\/\/www.europesays.com\/fr\/331380\/"},"modified":"2025-08-20T10:42:10","modified_gmt":"2025-08-20T10:42:10","slug":"us-open-emma-raducanu-carlos-ma-dit-que-si-jenlacais-draper-cetait-fini-entre-nous-il-est-vraiment-jaloux","status":"publish","type":"post","link":"https:\/\/www.europesays.com\/fr\/331380\/","title":{"rendered":"US Open > Emma Raducanu : \u00ab\u00a0Carlos m&rsquo;a dit que si j&rsquo;enla\u00e7ais Draper, c&rsquo;\u00e9tait fini entre nous, il est vraiment jaloux\u00a0\u00bb"},"content":{"rendered":"<p>Emma est maligne et elle en fait quelques fois des tonnes juste pour donner le change. C\u2019est exac\u00adte\u00adment ce qu\u2019elle a fait apr\u00e8s le double avec cette d\u00e9cla\u00adra\u00adtion tapageuse.<\/p>\n<blockquote class=\"twitter-tweet\">\n<p lang=\"en\" dir=\"ltr\">Raducanu on not hugging Draper after loss in US Open Mixed Doubles\u00a0:<\/p>\n<p>\u00ab\u202fCarlos told me if I hug Draper then we\u2019re through, he gets really jealous.\u202f\u00bb<\/p>\n<p>(Via <a href=\"https:\/\/twitter.com\/TMZ_Sports?ref_src=twsrc%5Etfw\" data-wpel-link=\"external\" target=\"_blank\" rel=\"nofollow external noopener\">@TMZ_Sports<\/a>) <a href=\"https:\/\/t.co\/2tfwzFZAb2\" data-wpel-link=\"external\" target=\"_blank\" rel=\"nofollow external noopener\">https:\/\/t.co\/2tfwzFZAb2<\/a> <a href=\"https:\/\/t.co\/Oh6oDnSLpg\" data-wpel-link=\"external\" target=\"_blank\" rel=\"nofollow external noopener\">pic.twitter.com\/Oh6oDnSLpg<\/a><\/p>\n<p>\u2014 TENNISCentel (@TennisCentel) <a href=\"https:\/\/twitter.com\/TennisCentel\/status\/1957940637338333497?ref_src=twsrc%5Etfw\" data-wpel-link=\"external\" target=\"_blank\" rel=\"nofollow external noopener\">August 19,\u00a02025<\/a><\/p><\/blockquote>\n<p>Il reste que les deux cham\u00adpions ont fait preuve d\u2019une vraie compli\u00adcit\u00e9 durant leur match m\u00eame s\u2019ils ont \u00e9t\u00e9 domin\u00e9s par Pegula et Draper. D\u2019ailleurs le Britannique a pris cette comp\u00e9\u00adti\u00adtion tr\u00e8s s\u00e9rieux car il a envoy\u00e9 du \u00ab\u202fbois\u202f\u00bb durant toute la rencontre, sans piti\u00e9\u00a0Jack\u202f!<\/p>\n<p class=\"post-published-date\" style=\"color: silver; font-size: 75%; text-align: left;\">Publi\u00e9 le mercredi 20 ao\u00fbt 2025 \u00e0 11:45<\/p>\n<p><script async src=\"https:\/\/platform.twitter.com\/widgets.js\" charset=\"utf-8\"><\/script><\/p>\n","protected":false},"excerpt":{"rendered":"Emma est maligne et elle en fait quelques fois des tonnes juste pour donner le change. C\u2019est exac\u00adte\u00adment&hellip;\n","protected":false},"author":2,"featured_media":28499,"comment_status":"","ping_status":"","sticky":false,"template":"","format":"standard","meta":{"footnotes":""},"categories":[1415],"tags":[4388,1011,27,60,1467],"class_list":{"0":"post-331380","1":"post","2":"type-post","3":"status-publish","4":"format-standard","5":"has-post-thumbnail","7":"category-tennis","8":"tag-draper","9":"tag-fr","10":"tag-france","11":"tag-sports","12":"tag-tennis"},"share_on_mastodon":{"url":"https:\/\/pubeurope.com\/@fr\/115060679807251427","error":""},"_links":{"self":[{"href":"https:\/\/www.europesays.com\/fr\/wp-json\/wp\/v2\/posts\/331380","targetHints":{"allow":["GET"]}}],"collection":[{"href":"https:\/\/www.europesays.com\/fr\/wp-json\/wp\/v2\/posts"}],"about":[{"href":"https:\/\/www.europesays.com\/fr\/wp-json\/wp\/v2\/types\/post"}],"author":[{"embeddable":true,"href":"https:\/\/www.europesays.com\/fr\/wp-json\/wp\/v2\/users\/2"}],"replies":[{"embeddable":true,"href":"https:\/\/www.europesays.com\/fr\/wp-json\/wp\/v2\/comments?post=331380"}],"version-history":[{"count":0,"href":"https:\/\/www.europesays.com\/fr\/wp-json\/wp\/v2\/posts\/331380\/revisions"}],"wp:featuredmedia":[{"embeddable":true,"href":"https:\/\/www.europesays.com\/fr\/wp-json\/wp\/v2\/media\/28499"}],"wp:attachment":[{"href":"https:\/\/www.europesays.com\/fr\/wp-json\/wp\/v2\/media?parent=331380"}],"wp:term":[{"taxonomy":"category","embeddable":true,"href":"https:\/\/www.europesays.com\/fr\/wp-json\/wp\/v2\/categories?post=331380"},{"taxonomy":"post_tag","embeddable":true,"href":"https:\/\/www.europesays.com\/fr\/wp-json\/wp\/v2\/tags?post=331380"}],"curies":[{"name":"wp","href":"https:\/\/api.w.org\/{rel}","templated":true}]}}