{"id":331381,"date":"2025-08-20T10:44:10","date_gmt":"2025-08-20T10:44:10","guid":{"rendered":"https:\/\/www.europesays.com\/fr\/331381\/"},"modified":"2025-08-20T10:44:10","modified_gmt":"2025-08-20T10:44:10","slug":"motoe-decouvre-le-balaton-park-pour-la-quatrieme-manche-de-la-saison","status":"publish","type":"post","link":"https:\/\/www.europesays.com\/fr\/331381\/","title":{"rendered":"MotoE\u2122 d\u00e9couvre le Balaton Park pour la quatri\u00e8me manche de la saison\u00a0!"},"content":{"rendered":"<p>Cinq vainqueurs en six courses, 10 hommes mont\u00e9s sur le podium et une multitude de batailles font des trois premi\u00e8res manches du Championnat du Monde FIM MotoE\u2122 2025 l&rsquo;une des meilleures \u00e9ditions. Avec un top 6 qui se tient en moins de 25 points, tout est tr\u00e8s ouvert alors qu&rsquo;on s&rsquo;appr\u00eate \u00e0 d\u00e9couvrir le Balaton Park en Hongrie. Cette nouvelle destination nous r\u00e9serve-t-elle des surprises ?<\/p>\n<p>Andrea Mantovani (Klint Forward Factory Team) compte toujours 13 points d&rsquo;avance au g\u00e9n\u00e9ral malgr\u00e9 un samedi difficile en Autriche et l&rsquo;Italien esp\u00e8re que le trac\u00e9 plus technique du Balaton Park lui permettra de remonter sur le podium. Deuxi\u00e8me du Championnat et incapable de r\u00e9duire l&rsquo;\u00e9cart qui le s\u00e9pare du n\u00b09, Alessandro Zaccone (Aruba Cloud MotoE\u2122 Team) a lui aussi connu un week-end d\u00e9licat au Red Bull Ring. Auteur de deux top 5 en Autriche, Lorenzo Baldassarri (Dynavolt Intact GP) compl\u00e8te le trio de t\u00eate, \u00e0 19 points d&rsquo;Alessandro Zaccone et seulement deux de Jordi Torres (Power Electronics Aspar Team), qui occupe la quatri\u00e8me position.<\/p>\n<p>Parti \u00e0 la faute en course 1, Mattia Casadei (LCR E-Team) a termin\u00e9 deuxi\u00e8me samedi apr\u00e8s-midi et pointe \u00e0 la cinqui\u00e8me place. Le grand gagnant de ce week-end autrichien est incontestablement Matteo Ferrari (Felo Gresini MotoE\u2122), double vainqueur, qui, avec 50 points r\u00e9colt\u00e9s, se hisse au sixi\u00e8me rang du classement g\u00e9n\u00e9ral, \u00e0 seulement 23 unit\u00e9s d&rsquo;Andrea Mantovani. Le repr\u00e9sentant de Gresini va-t-il devenir le premier pilote MotoE\u2122 \u00e0 remporter trois victoires cons\u00e9cutives depuis Mattia Casadei en 2023 ? Mont\u00e9 sur les deux podiums du week-end la semaine derni\u00e8re, le Champion du Monde en titre H\u00e9ctor Garz\u00f3 (Dynavolt Intact GP) est rel\u00e9gu\u00e9 \u00e0 34 longueurs du leader dans une lutte acharn\u00e9e pour le titre.<\/p>\n<p>Parmi les autres pilotes \u00e0 surveiller, on peut citer le h\u00e9ros local Tibor Erik Varga (Rivacold Snipers Team MotoE\u2122), qui s&rsquo;est battu pour un podium en Autriche et a obtenu le meilleur r\u00e9sultat de sa carri\u00e8re avec une quatri\u00e8me place. Son co\u00e9quipier Nicholas Spinelli (Rivacold Snipers Team MotoE\u2122) est huiti\u00e8me \u00e0 35 points d&rsquo;Andrea Mantovani tandis que Kevin Zannoni (Power Electronics Aspar Team) et Oscar Gutierrez (MSI Racing Team) compl\u00e8tent le top 10. N&rsquo;oublions pas Eric Granado (LCR E-Team), 13e du classement g\u00e9n\u00e9ral, mais r\u00e9guli\u00e8rement en bataille pour le podium.<\/p>\n<p>Pr\u00e9pare-toi \u00e0 vivre un nouveau week-end d&rsquo;action au Balaton Park !<\/p>\n","protected":false},"excerpt":{"rendered":"Cinq vainqueurs en six courses, 10 hommes mont\u00e9s sur le podium et une multitude de batailles font des&hellip;\n","protected":false},"author":2,"featured_media":331382,"comment_status":"","ping_status":"","sticky":false,"template":"","format":"standard","meta":{"footnotes":""},"categories":[1413],"tags":[1011,27,1457,1456,60,2032],"class_list":{"0":"post-331381","1":"post","2":"type-post","3":"status-publish","4":"format-standard","5":"has-post-thumbnail","7":"category-moto","8":"tag-fr","9":"tag-france","10":"tag-moto","11":"tag-motocycle","12":"tag-sports","13":"tag-text"},"share_on_mastodon":{"url":"https:\/\/pubeurope.com\/@fr\/115060688103745958","error":""},"_links":{"self":[{"href":"https:\/\/www.europesays.com\/fr\/wp-json\/wp\/v2\/posts\/331381","targetHints":{"allow":["GET"]}}],"collection":[{"href":"https:\/\/www.europesays.com\/fr\/wp-json\/wp\/v2\/posts"}],"about":[{"href":"https:\/\/www.europesays.com\/fr\/wp-json\/wp\/v2\/types\/post"}],"author":[{"embeddable":true,"href":"https:\/\/www.europesays.com\/fr\/wp-json\/wp\/v2\/users\/2"}],"replies":[{"embeddable":true,"href":"https:\/\/www.europesays.com\/fr\/wp-json\/wp\/v2\/comments?post=331381"}],"version-history":[{"count":0,"href":"https:\/\/www.europesays.com\/fr\/wp-json\/wp\/v2\/posts\/331381\/revisions"}],"wp:featuredmedia":[{"embeddable":true,"href":"https:\/\/www.europesays.com\/fr\/wp-json\/wp\/v2\/media\/331382"}],"wp:attachment":[{"href":"https:\/\/www.europesays.com\/fr\/wp-json\/wp\/v2\/media?parent=331381"}],"wp:term":[{"taxonomy":"category","embeddable":true,"href":"https:\/\/www.europesays.com\/fr\/wp-json\/wp\/v2\/categories?post=331381"},{"taxonomy":"post_tag","embeddable":true,"href":"https:\/\/www.europesays.com\/fr\/wp-json\/wp\/v2\/tags?post=331381"}],"curies":[{"name":"wp","href":"https:\/\/api.w.org\/{rel}","templated":true}]}}