{"id":331387,"date":"2025-08-20T10:47:14","date_gmt":"2025-08-20T10:47:14","guid":{"rendered":"https:\/\/www.europesays.com\/fr\/331387\/"},"modified":"2025-08-20T10:47:14","modified_gmt":"2025-08-20T10:47:14","slug":"vote-olympique-lyonnais-fc-metz-quel-resultat-pour-les-grenats","status":"publish","type":"post","link":"https:\/\/www.europesays.com\/fr\/331387\/","title":{"rendered":"Vote. Olympique Lyonnais &#8211; FC Metz : quel r\u00e9sultat pour les Grenats ?"},"content":{"rendered":"<p>Apr\u00e8s sa d\u00e9faite face \u00e0 Strasbourg (0-1), le FC Metz peut-il esp\u00e9rer obtenir un r\u00e9sultat sur la pelouse de Lyon, ce samedi (21h05), \u00e0 l&rsquo;occasion de la 2e journ\u00e9e de Ligue 1\u00a0? Votez\u00a0!<\/p>\n<p>&#13;<br \/>\n              Le R\u00e9publicain Lorrain  &#8211; &#13;<br \/>\n        &#13;<br \/>\n          Aujourd&rsquo;hui \u00e0 09:00&#13;<br \/>\n    &#13;<br \/>\n                  | mis \u00e0 jour aujourd&rsquo;hui \u00e0 10:42&#13;<br \/>\n              &#8211; Temps de lecture : &#13;<br \/>\n  &#13;\n<\/p>\n<p>                        &#13;<br \/>\n    &#13;<br \/>\n    &#13;<br \/>\n    <a href=\"https:\/\/cdn-s-www.republicain-lorrain.fr\/images\/43B974C1-EAEA-4C65-B423-2C57EE44649D\/NW_raw\/title-1755625231.jpg\" title=\"\" class=\"chocolat-image GA-tracking\" data-ga_type=\"click\" data-ga_category=\"D\u00e9tail\" data-ga_action=\"zoomer\" data-ga_label=\"aggrandir image\" target=\"_blank\" rel=\"noopener\">&#13;<br \/>\n        <img src=\"https:\/\/www.europesays.com\/fr\/wp-content\/uploads\/2025\/08\/title-1755625231.jpg\"   alt=\"\" fetchpriority=\"high\" decoding=\"async\" data-mobile=\"NW_detail_M|1755625231\" data-base=\"NW_detail|1755625231\"\/>&#13;<br \/>\n    <\/a>&#13;<\/p>\n","protected":false},"excerpt":{"rendered":"Apr\u00e8s sa d\u00e9faite face \u00e0 Strasbourg (0-1), le FC Metz peut-il esp\u00e9rer obtenir un r\u00e9sultat sur la pelouse&hellip;\n","protected":false},"author":2,"featured_media":331388,"comment_status":"","ping_status":"","sticky":false,"template":"","format":"standard","meta":{"footnotes":""},"categories":[1410],"tags":[5598,8113,107,1701,63,1011,27,6212,5599,8112,517,1700,60,5995],"class_list":{"0":"post-331387","1":"post","2":"type-post","3":"status-publish","4":"format-standard","5":"has-post-thumbnail","7":"category-football","8":"tag-edition-metz-et-agglomeration","9":"tag-fc-metz","10":"tag-fil-info","11":"tag-fil-info-sport","12":"tag-football","13":"tag-fr","14":"tag-france","15":"tag-metz","16":"tag-moselle","17":"tag-moselle-est","18":"tag-sport","19":"tag-sport-lorrain","20":"tag-sports","21":"tag-vote"},"share_on_mastodon":{"url":"https:\/\/pubeurope.com\/@fr\/115060699581000314","error":""},"_links":{"self":[{"href":"https:\/\/www.europesays.com\/fr\/wp-json\/wp\/v2\/posts\/331387","targetHints":{"allow":["GET"]}}],"collection":[{"href":"https:\/\/www.europesays.com\/fr\/wp-json\/wp\/v2\/posts"}],"about":[{"href":"https:\/\/www.europesays.com\/fr\/wp-json\/wp\/v2\/types\/post"}],"author":[{"embeddable":true,"href":"https:\/\/www.europesays.com\/fr\/wp-json\/wp\/v2\/users\/2"}],"replies":[{"embeddable":true,"href":"https:\/\/www.europesays.com\/fr\/wp-json\/wp\/v2\/comments?post=331387"}],"version-history":[{"count":0,"href":"https:\/\/www.europesays.com\/fr\/wp-json\/wp\/v2\/posts\/331387\/revisions"}],"wp:featuredmedia":[{"embeddable":true,"href":"https:\/\/www.europesays.com\/fr\/wp-json\/wp\/v2\/media\/331388"}],"wp:attachment":[{"href":"https:\/\/www.europesays.com\/fr\/wp-json\/wp\/v2\/media?parent=331387"}],"wp:term":[{"taxonomy":"category","embeddable":true,"href":"https:\/\/www.europesays.com\/fr\/wp-json\/wp\/v2\/categories?post=331387"},{"taxonomy":"post_tag","embeddable":true,"href":"https:\/\/www.europesays.com\/fr\/wp-json\/wp\/v2\/tags?post=331387"}],"curies":[{"name":"wp","href":"https:\/\/api.w.org\/{rel}","templated":true}]}}