{"id":331393,"date":"2025-08-20T10:51:13","date_gmt":"2025-08-20T10:51:13","guid":{"rendered":"https:\/\/www.europesays.com\/fr\/331393\/"},"modified":"2025-08-20T10:51:13","modified_gmt":"2025-08-20T10:51:13","slug":"lola-dubini-quitte-leo-mattei-brigade-des-mineurs","status":"publish","type":"post","link":"https:\/\/www.europesays.com\/fr\/331393\/","title":{"rendered":"Lola Dubini quitte L\u00e9o Matt\u00e9\u00ef, brigade des mineurs"},"content":{"rendered":"<p>    Lola Dubini dans L\u00e9o Matt\u00e9\u00ef, brigade des mineurs sur TF1.<br \/>\n                Jean-Philippe BALTEL \/ BIG BAND STORY \/ TF1.<\/p>\n<p>La com\u00e9dienne a annonc\u00e9 qu\u2019elle ne reviendra pas pour une 13e saison de la s\u00e9rie port\u00e9e par Jean-Luc Reichmann. Elle s\u2019est expliqu\u00e9e sur les raisons de ce d\u00e9part.<\/p>\n<p class=\"fig-paragraph\">Clap de fin pour\u00a0<a href=\"https:\/\/www.lefigaro.fr\/tag\/lola-dubini\" target=\"_blank\" rel=\"noopener\" data-gtm-custom-categorie=\"navigation\" data-gtm-custom-action=\"crossclick\" data-gtm-custom-label=\"Contextuel\" data-gtm-event=\"customEventSPE\"><strong>Lola Dubini<\/strong><\/a> \u00a0dans\u00a0<a href=\"https:\/\/tvmag.lefigaro.fr\/programme-tv\/programme\/leo-mattei-brigade-des-mineurs-d1738544441\" target=\"_blank\" rel=\"noopener\" data-gtm-custom-categorie=\"navigation\" data-gtm-custom-action=\"crossclick\" data-gtm-custom-label=\"Contextuel\" data-gtm-event=\"customEventSPE\">L\u00e9o Matt\u00e9i, brigade des mineurs<\/a> . La com\u00e9dienne a, en effet, choisi de quitter la s\u00e9rie cr\u00e9\u00e9e par\u00a0<a href=\"https:\/\/www.lefigaro.fr\/tag\/jean-luc-reichmann\" target=\"_blank\" rel=\"noopener\" data-gtm-custom-categorie=\"navigation\" data-gtm-custom-action=\"crossclick\" data-gtm-custom-label=\"Contextuel\" data-gtm-event=\"customEventSPE\">Jean-Luc Reichmann<\/a>\u00a0et son \u00e9pouse, Nathalie Lecoultre. En 2022, l\u2019actrice, chanteuse et humoriste avait rejoint le casting de la fiction polici\u00e8re port\u00e9e par l\u2019animateur des\u00a0<a href=\"https:\/\/tvmag.lefigaro.fr\/programme-tv\/programme\/les-douze-coups-de-midi-d1683682184\" target=\"_blank\" rel=\"noopener\" data-gtm-custom-categorie=\"navigation\" data-gtm-custom-action=\"crossclick\" data-gtm-custom-label=\"Contextuel\" data-gtm-event=\"customEventSPE\">\u00ab12 Coups de midi\u00bb<\/a>. Apr\u00e8s quatre saisons, la Lyonnaise de 31 ans a annonc\u00e9 dans une interview accord\u00e9e \u00e0\u00a0<a href=\"https:\/\/www.programme-tv.net\/news\/series-tv\/385688-exclu-j-ai-choisi-de-partir-lola-dubini-quitte-leo-mattei-la-serie-avec-jean-luc-reichmann-et-lui-rend-un-vibrant-hommage\/\" target=\"_blank\" rel=\"noopener\" data-gtm-custom-categorie=\"navigation\" data-gtm-custom-action=\"crossclick\" data-gtm-custom-label=\"Contextuel\" data-gtm-event=\"customEventSPE\">T\u00e9l\u00e9 loisirs<\/a> \u00a0qu\u2019elle ne reviendra pas dans la peau du lieutenant In\u00e8s Salma.<\/p>\n<p class=\"fig-paragraph\">\u00abJ\u2019ai d\u00e9cid\u00e9 de quitter L\u00e9o Matt\u00e9\u00ef. La saison 12 \u00e9tait ma derni\u00e8re\u00bb, a d\u00e9clar\u00e9 Lola Dubini. Une d\u00e9cision logique pour la jeune femme qui a expliqu\u00e9\u00a0: \u00abJe suis triste parce que c\u2019est un projet que j\u2019ai ador\u00e9. C\u2019est moi qui ai choisi de partir. Cela a \u00e9t\u00e9 tr\u00e8s dur de prendre cette d\u00e9cision. Mais je pense que c\u2019est b\u00e9n\u00e9fique pour la suite. En quatre ans, j\u2019ai l\u2019impression d\u2019avoir amen\u00e9 le personnage d\u2019In\u00e8s \u00e0 un endroit que j\u2019ai vraiment ador\u00e9. J\u2019ai aussi l\u2019impression que je ne pouvais pas l\u2019amener autre part. Je ne voulais pas faire la saison de trop\u00bb.<\/p>\n<p>                                    <a class=\"fig-a11y-skip a11y-hidden\" href=\"#fig-a11y-skip-main-inarticle\"><br \/>\n        Passer la publicit\u00e9<br \/>\n    <\/a><\/p>\n<p class=\"fig-paragraph\">La s\u00e9rie fera prochainement son retour sur TF1 mais sans la com\u00e9dienne qui esp\u00e8re n\u00e9anmoins reprendre son personnage plus tard. \u00abJe ne serais pas contre de revenir un jour. On ne sait jamais de quoi la vie est faite\u00a0!\u00bb, a-t-elle indiqu\u00e9. Mais que les t\u00e9l\u00e9spectateurs se rassurent, ils pourront retrouver Lola Dubini tr\u00e8s bient\u00f4t sur la Une \u00e9galement puisqu\u2019elle appara\u00eetra d\u00e8s mi-septembre dans\u00a0<a href=\"https:\/\/tvmag.lefigaro.fr\/programme-tv\/programme\/demain-nous-appartient-d270739333\" target=\"_blank\" rel=\"noopener\" data-gtm-custom-categorie=\"navigation\" data-gtm-custom-action=\"crossclick\" data-gtm-custom-label=\"Contextuel\" data-gtm-event=\"customEventSPE\">Demain nous appartient<\/a> . L\u2019actrice troque son insigne de police pour un tableau et des craies. Dans le feuilleton \u00e0 succ\u00e8s de TF1, elle incarnera Marguerite Perraud, une professeur de physique chimie, rempla\u00e7ante et cousine germaine de Rapha\u00eblle Perraud, le personnage camp\u00e9 par Jennifer Lauret.<\/p>\n","protected":false},"excerpt":{"rendered":"Lola Dubini dans L\u00e9o Matt\u00e9\u00ef, brigade des mineurs sur TF1. Jean-Philippe BALTEL \/ BIG BAND STORY \/ TF1.&hellip;\n","protected":false},"author":2,"featured_media":331394,"comment_status":"","ping_status":"","sticky":false,"template":"","format":"standard","meta":{"footnotes":""},"categories":[1356],"tags":[58,59,1011,27,465,252,199,1364],"class_list":{"0":"post-331393","1":"post","2":"type-post","3":"status-publish","4":"format-standard","5":"has-post-thumbnail","7":"category-television","8":"tag-divertissement","9":"tag-entertainment","10":"tag-fr","11":"tag-france","12":"tag-jean-luc-reichmann","13":"tag-television","14":"tag-tf1","15":"tag-tv"},"share_on_mastodon":{"url":"https:\/\/pubeurope.com\/@fr\/115060715271690492","error":""},"_links":{"self":[{"href":"https:\/\/www.europesays.com\/fr\/wp-json\/wp\/v2\/posts\/331393","targetHints":{"allow":["GET"]}}],"collection":[{"href":"https:\/\/www.europesays.com\/fr\/wp-json\/wp\/v2\/posts"}],"about":[{"href":"https:\/\/www.europesays.com\/fr\/wp-json\/wp\/v2\/types\/post"}],"author":[{"embeddable":true,"href":"https:\/\/www.europesays.com\/fr\/wp-json\/wp\/v2\/users\/2"}],"replies":[{"embeddable":true,"href":"https:\/\/www.europesays.com\/fr\/wp-json\/wp\/v2\/comments?post=331393"}],"version-history":[{"count":0,"href":"https:\/\/www.europesays.com\/fr\/wp-json\/wp\/v2\/posts\/331393\/revisions"}],"wp:featuredmedia":[{"embeddable":true,"href":"https:\/\/www.europesays.com\/fr\/wp-json\/wp\/v2\/media\/331394"}],"wp:attachment":[{"href":"https:\/\/www.europesays.com\/fr\/wp-json\/wp\/v2\/media?parent=331393"}],"wp:term":[{"taxonomy":"category","embeddable":true,"href":"https:\/\/www.europesays.com\/fr\/wp-json\/wp\/v2\/categories?post=331393"},{"taxonomy":"post_tag","embeddable":true,"href":"https:\/\/www.europesays.com\/fr\/wp-json\/wp\/v2\/tags?post=331393"}],"curies":[{"name":"wp","href":"https:\/\/api.w.org\/{rel}","templated":true}]}}