{"id":331395,"date":"2025-08-20T10:52:10","date_gmt":"2025-08-20T10:52:10","guid":{"rendered":"https:\/\/www.europesays.com\/fr\/331395\/"},"modified":"2025-08-20T10:52:10","modified_gmt":"2025-08-20T10:52:10","slug":"en-velo-avec-son-yaourt-celine-dion-fait-de-nouvelles-revelations-sur-sa-premiere-fois-avec-jean-jacques-goldman","status":"publish","type":"post","link":"https:\/\/www.europesays.com\/fr\/331395\/","title":{"rendered":"\u00ab\u00a0En v\u00e9lo avec son yaourt\u00a0\u00bb, C\u00e9line Dion fait de nouvelles r\u00e9v\u00e9lations sur sa premi\u00e8re fois avec Jean-Jacques Goldman"},"content":{"rendered":"<p>      R\u00e9sum\u00e9<\/p>\n<p>C\u00e9line Dion partage un souvenir in\u00e9dit de sa premi\u00e8re rencontre avec Jean-Jacques Goldman, r\u00e9v\u00e9lant des d\u00e9tails surprenants et personnels sur leur collaboration.<\/p>\n<p>        Sommaire<\/p>\n<p>Un rendez-vous que les fans attendent avec impatience ! <strong>Le 3 septembre prochain, M6 diffusera un documentaire consacr\u00e9 \u00e0 la collaboration l\u00e9gendaire entre <a href=\"https:\/\/www.public.fr\/tag\/celine-dion\" target=\"_blank\" rel=\"noopener\">C\u00e9line Dion<\/a> et <a href=\"https:\/\/www.public.fr\/tag\/jean-jacques-goldman\" target=\"_blank\" rel=\"noopener\">Jean-Jacques Goldman<\/a><\/strong>.<\/p>\n<p>\u00c0 quelques semaines de la diffusion, la cha\u00eene a choisi de d\u00e9voiler <strong>un premier extrait<\/strong> pour faire patienter les m\u00e9lomanes. <\/p>\n<p>C\u00e9line Dion : sa rencontre avec Jean-Jacques Goldman grav\u00e9e \u00e0 jamais<\/p>\n<p>Ce mardi 19 ao\u00fbt 2025, M6 a partag\u00e9 sur <a href=\"https:\/\/www.instagram.com\/m6officiel\/\" target=\"_blank\" rel=\"noreferrer noopener\">Instagram<\/a> des images exclusives de la r\u00e9alisation, offrant un aper\u00e7u in\u00e9dit de la rencontre et de la complicit\u00e9 entre les deux artistes. <\/p>\n<p>\u00ab\u00a0<strong>Je ne l\u2019oublierai jamais, car [je me disais] il va arriver avec son chauffeur, ses assistants. Non, il arrive \u00e0 v\u00e9lo avec son yaourt en tube<\/strong>\u00ab\u00a0, se souvient la chanteuse dans C\u00e9line Dion raconte D\u2019eux. \u00ab\u00a0Je lui dis : &lsquo;Qu&rsquo;est-ce que tu manges ? C&rsquo;est quoi \u00e7a ? Je n&rsquo;avais jamais vu \u00e7a. Nous autre, on a besoin d&rsquo;une cuill\u00e8re pour manger du yogourt, les fruits sont dans le fond, il faut faire monter les fruits du fond. Lui, il met son yaourt en tube. Je lui dis : &lsquo;Tu manges de la p\u00e2te \u00e0 dents, qu&rsquo;est-ce que c&rsquo;est que \u00e7a ?'\u00a0\u00bb<\/p>\n<p>\u00ab\u00a0<strong>Alors, il mange son yaourt, il arrive avec son v\u00e9lo, il s&rsquo;installe avec son computer, sa guitare, on est assis dans un coin<\/strong>\u00ab\u00a0, ajoute l&rsquo;interpr\u00e8te de My Heart Will Go On avant de revenir sur son angoisse \u00e0 l&rsquo;id\u00e9e de ne pas aimer les chansons de l&rsquo;artiste, qu&rsquo;elle ne connaissait pas encore : \u00ab\u00a0<strong>J\u2019avais un petit peu peur<\/strong>, car je ne voulais pas dire \u00e0 un monument comme Jean-Jacques Goldman: &lsquo;Je ne suis pas s\u00fbre de la chanson.&rsquo; J\u2019ai peur de ne pas l\u2019aimer, car je ne peux pas lui dire: &lsquo;Je ne veux pas faire ta chanson&rsquo;.\u00a0\u00bb<\/p>\n<p>Une collaboration l\u00e9gendaire<\/p>\n<p>Par chance, <strong>la collaboration entre C\u00e9line Dion et Jean-Jacques Goldman a \u00e9t\u00e9 une franche r\u00e9ussite<\/strong>. <\/p>\n<p>L&rsquo;album D&rsquo;eux, lanc\u00e9 en 1995, a d&rsquo;ailleurs rencontr\u00e9 un \u00e9norme succ\u00e8s au point de devenir <strong>le disque francophone le plus vendu de l&rsquo;histoire<\/strong> de la musique. <\/p>\n<p>En mars dernier, le c\u00e9l\u00e8bre opus a souffl\u00e9 ses 30 bougies. C&rsquo;est d&rsquo;ailleurs \u00e0 cette occasion que la sixi\u00e8me cha\u00eene a pris la d\u00e9cision de lui rendre hommage avec un documentaire in\u00e9dit de 90 minutes !<\/p>\n<p>      Mentionn\u00e9s dans cet article<\/p>\n<p>      Sur le m\u00eame sujet<\/p>\n<p>  <script async src=\"\/\/www.instagram.com\/embed.js\"><\/script><\/p>\n","protected":false},"excerpt":{"rendered":"R\u00e9sum\u00e9 C\u00e9line Dion partage un souvenir in\u00e9dit de sa premi\u00e8re rencontre avec Jean-Jacques Goldman, r\u00e9v\u00e9lant des d\u00e9tails surprenants&hellip;\n","protected":false},"author":2,"featured_media":331396,"comment_status":"","ping_status":"","sticky":false,"template":"","format":"standard","meta":{"footnotes":""},"categories":[1355],"tags":[7043,58,59,1011,27,7195,1361,873],"class_list":{"0":"post-331395","1":"post","2":"type-post","3":"status-publish","4":"format-standard","5":"has-post-thumbnail","7":"category-musique","8":"tag-celine-dion","9":"tag-divertissement","10":"tag-entertainment","11":"tag-fr","12":"tag-france","13":"tag-jean-jacques-goldman","14":"tag-music","15":"tag-musique"},"share_on_mastodon":{"url":"https:\/\/pubeurope.com\/@fr\/115060719438041784","error":""},"_links":{"self":[{"href":"https:\/\/www.europesays.com\/fr\/wp-json\/wp\/v2\/posts\/331395","targetHints":{"allow":["GET"]}}],"collection":[{"href":"https:\/\/www.europesays.com\/fr\/wp-json\/wp\/v2\/posts"}],"about":[{"href":"https:\/\/www.europesays.com\/fr\/wp-json\/wp\/v2\/types\/post"}],"author":[{"embeddable":true,"href":"https:\/\/www.europesays.com\/fr\/wp-json\/wp\/v2\/users\/2"}],"replies":[{"embeddable":true,"href":"https:\/\/www.europesays.com\/fr\/wp-json\/wp\/v2\/comments?post=331395"}],"version-history":[{"count":0,"href":"https:\/\/www.europesays.com\/fr\/wp-json\/wp\/v2\/posts\/331395\/revisions"}],"wp:featuredmedia":[{"embeddable":true,"href":"https:\/\/www.europesays.com\/fr\/wp-json\/wp\/v2\/media\/331396"}],"wp:attachment":[{"href":"https:\/\/www.europesays.com\/fr\/wp-json\/wp\/v2\/media?parent=331395"}],"wp:term":[{"taxonomy":"category","embeddable":true,"href":"https:\/\/www.europesays.com\/fr\/wp-json\/wp\/v2\/categories?post=331395"},{"taxonomy":"post_tag","embeddable":true,"href":"https:\/\/www.europesays.com\/fr\/wp-json\/wp\/v2\/tags?post=331395"}],"curies":[{"name":"wp","href":"https:\/\/api.w.org\/{rel}","templated":true}]}}