{"id":331406,"date":"2025-08-20T10:58:14","date_gmt":"2025-08-20T10:58:14","guid":{"rendered":"https:\/\/www.europesays.com\/fr\/331406\/"},"modified":"2025-08-20T10:58:14","modified_gmt":"2025-08-20T10:58:14","slug":"ces-pomelos-blancs-chez-grand-frais-depassent-les-limites-de-pesticides-un-risque-non-negligeable-pour-la-sante","status":"publish","type":"post","link":"https:\/\/www.europesays.com\/fr\/331406\/","title":{"rendered":"ces pomelos blancs chez Grand Frais d\u00e9passent les limites de pesticides, un risque non n\u00e9gligeable pour la sant\u00e9"},"content":{"rendered":"<p>Avez-vous d\u00e9j\u00e0 imagin\u00e9 que m\u00eame votre panier de fruits pouvait cacher quelques surprises d\u00e9sagr\u00e9ables ? <strong>Actuellement<\/strong>, sp\u00e9culer sur ce qui se trame derri\u00e8re certaines all\u00e9es du supermarch\u00e9 devient presque un art de vivre\u2026far<\/p>\n<p>Je vous promets, il m\u2019est d\u00e9j\u00e0 arriv\u00e9 de scruter mon pomelo comme un inspecteur cherchant le suspect parfait. Entre petites frayeurs et vrais r\u00e9flexes \u00e0 adopter, vous risquez de repartir avec quelques anecdotes et astuces insoup\u00e7onn\u00e9es !<\/p>\n<p>Pourquoi ces pomelos blancs ont \u00e9t\u00e9 retir\u00e9s des rayons<\/p>\n<p>Quels risques pour les consommateurs et comment les \u00e9viter<\/p>\n<p>Proc\u00e9dure de remboursement et gestes \u00e0 adopter<\/p>\n<p><strong>La technique que je vais vous partager aujourd\u2019hui<\/strong> simplifie grandement les proc\u00e9dures lors d\u2019un rappel produit. Il suffit de rapporter le produit au magasin pour obtenir un remboursement ou, si n\u00e9cessaire, de le d\u00e9truire chez soi. <strong>Cette processus est en fait assez simple<\/strong> et ne requiert que quelques \u00e9tapes claires.<\/p>\n<p>Pr\u00e9cis\u00e9ment, commencez par rapporter le produit au point de vente avec le ticket de caisse pour prouver l\u2019achat. Si vous n\u2019avez pas conserv\u00e9 le re\u00e7u, un \u00e9change ou un avoir peut souvent \u00eatre n\u00e9goci\u00e9. <strong>N\u2019oubliez pas non plus de pr\u00e9venir votre entourage<\/strong>, notamment via les r\u00e9seaux sociaux, afin d\u2019\u00e9viter que d\u2019autres ne subissent les m\u00eames d\u00e9sagr\u00e9ments.<\/p>\n<p>En r\u00e9sum\u00e9, v\u00e9rifier la s\u00e9curit\u00e9 de nos fruits et adopter des r\u00e9flexes simples en cas de rappel sont devenus essentiels pour prot\u00e9ger notre sant\u00e9, m\u00eame si tout risque z\u00e9ro n\u2019existe jamais.<br \/><strong>Et si, pour une fois, l\u2019aventure commen\u00e7ait au rayon fruits\u2026 en gardant un \u0153il vigilant sur l\u2019\u00e9tiquette ?<\/strong> Prenez soin de vous\u2026 et de vos papilles !<\/p>\n<p>                         <a href=\"https:\/\/www.apero-bordeaux.fr\/author\/boidus-julien\/\" class=\"url\" title=\"Julien Boidus\" rel=\"nofollow noopener\" target=\"_blank\"> <img loading=\"lazy\" decoding=\"async\" alt=\"Julien Boidus' src=\" data:image=\"\" data-lazy- class=\"avatar avatar-250 photo\" height=\"250\" width=\"250\" data-lazy-src=\"https:\/\/www.europesays.com\/fr\/wp-content\/uploads\/2025\/04\/cropped-julien-boidus-250x250.webp.webp\"\/><\/a> <\/p>\n<p>Chef \u00e0 domicile et auteur chez Julien Boidus<\/p>\n<p>Passionn\u00e9 par Bordeaux et son art de vivre, je suis Julien Boidus, chef \u00e0 domicile. \u00c0 travers mon site www.apero-bordeaux.fr, je partage mes recettes familiales, mes astuces culinaires et mes d\u00e9couvertes pour \u00e9veiller les sens et c\u00e9l\u00e9brer notre belle ville. Voyageur dans l&rsquo;\u00e2me, j&rsquo;explore \u00e9galement d&rsquo;autres villes pour vous faire d\u00e9couvrir leurs patrimoines gastronomiques et culturels. Bienvenue dans mon univers gourmand et convivial !<\/p>\n<p> <a href=\"https:\/\/www.apero-bordeaux.fr\/author\/boidus-julien\/\" class=\"url\" title=\"Julien Boidus\" rel=\"nofollow noopener\" target=\"_blank\"><img loading=\"lazy\" decoding=\"async\" alt=\"Julien Boidus\" src=\"data:image\/svg+xml,%3Csvg%20xmlns=\" http:=\"\" data-lazy- class=\"avatar avatar-250 photo\" height=\"250\" width=\"250\" data-lazy-src=\"https:\/\/www.europesays.com\/fr\/wp-content\/uploads\/2025\/04\/cropped-julien-boidus-250x250.webp.webp\"\/><\/a>Les derniers articles par Julien Boidus (<a href=\"https:\/\/www.apero-bordeaux.fr\/author\/boidus-julien\/\" rel=\"nofollow noopener\" target=\"_blank\">tout voir<\/a>)  <\/p>\n","protected":false},"excerpt":{"rendered":"Avez-vous d\u00e9j\u00e0 imagin\u00e9 que m\u00eame votre panier de fruits pouvait cacher quelques surprises d\u00e9sagr\u00e9ables ? Actuellement, sp\u00e9culer sur&hellip;\n","protected":false},"author":2,"featured_media":331407,"comment_status":"","ping_status":"","sticky":false,"template":"","format":"standard","meta":{"footnotes":""},"categories":[6],"tags":[35,33,34,1011,27],"class_list":{"0":"post-331406","1":"post","2":"type-post","3":"status-publish","4":"format-standard","5":"has-post-thumbnail","7":"category-economie","8":"tag-business","9":"tag-economie","10":"tag-economy","11":"tag-fr","12":"tag-france"},"share_on_mastodon":{"url":"https:\/\/pubeurope.com\/@fr\/115060742932136995","error":""},"_links":{"self":[{"href":"https:\/\/www.europesays.com\/fr\/wp-json\/wp\/v2\/posts\/331406","targetHints":{"allow":["GET"]}}],"collection":[{"href":"https:\/\/www.europesays.com\/fr\/wp-json\/wp\/v2\/posts"}],"about":[{"href":"https:\/\/www.europesays.com\/fr\/wp-json\/wp\/v2\/types\/post"}],"author":[{"embeddable":true,"href":"https:\/\/www.europesays.com\/fr\/wp-json\/wp\/v2\/users\/2"}],"replies":[{"embeddable":true,"href":"https:\/\/www.europesays.com\/fr\/wp-json\/wp\/v2\/comments?post=331406"}],"version-history":[{"count":0,"href":"https:\/\/www.europesays.com\/fr\/wp-json\/wp\/v2\/posts\/331406\/revisions"}],"wp:featuredmedia":[{"embeddable":true,"href":"https:\/\/www.europesays.com\/fr\/wp-json\/wp\/v2\/media\/331407"}],"wp:attachment":[{"href":"https:\/\/www.europesays.com\/fr\/wp-json\/wp\/v2\/media?parent=331406"}],"wp:term":[{"taxonomy":"category","embeddable":true,"href":"https:\/\/www.europesays.com\/fr\/wp-json\/wp\/v2\/categories?post=331406"},{"taxonomy":"post_tag","embeddable":true,"href":"https:\/\/www.europesays.com\/fr\/wp-json\/wp\/v2\/tags?post=331406"}],"curies":[{"name":"wp","href":"https:\/\/api.w.org\/{rel}","templated":true}]}}