{"id":331408,"date":"2025-08-20T10:59:12","date_gmt":"2025-08-20T10:59:12","guid":{"rendered":"https:\/\/www.europesays.com\/fr\/331408\/"},"modified":"2025-08-20T10:59:12","modified_gmt":"2025-08-20T10:59:12","slug":"louragan-erin-selargit-quelles-consequences-pour-leurope","status":"publish","type":"post","link":"https:\/\/www.europesays.com\/fr\/331408\/","title":{"rendered":"L&rsquo;ouragan Erin s&rsquo;\u00e9largit : quelles cons\u00e9quences pour l&rsquo;Europe\u00a0?"},"content":{"rendered":"<p>\n  Par&amp;nbsp<b>Euronews Green<\/b>\n<\/p>\n<p>\n         Publi\u00e9 le<br \/>\n            20\/08\/2025 &#8211; 6:33 UTC+2\n            <\/p>\n<p>          <img decoding=\"async\" class=\"c-ad__placeholder__logo\" src=\"https:\/\/static.euronews.com\/website\/images\/logos\/logo-euronews-stacked-outlined-72x72-grey-9.svg\" width=\"72\" height=\"72\" alt=\"\" loading=\"lazy\"\/><br \/>\n          PUBLICIT\u00c9<\/p>\n<p>L&rsquo;ouragan Erin est devenu le premier ouragan atlantique de la saison 2025 le vendredi 15 ao\u00fbt.<\/p>\n<p>Il est pass\u00e9 d&rsquo;une temp\u00eate de cat\u00e9gorie 1 \u00e0 une temp\u00eate de cat\u00e9gorie 5 en un peu plus de 24 heures. Apr\u00e8s avoir faibli puis s&rsquo;\u00eatre renforc\u00e9, il figure toujours parmi les rafales d&rsquo;intensification rapide les plus rapides jamais enregistr\u00e9es dans l&rsquo;Atlantique et sa force a fluctu\u00e9.<\/p>\n<p>Les scientifiques ont \u00e9tabli un lien entre l&rsquo;intensification rapide des ouragans de l&rsquo;Atlantique et le changement climatique. Le r\u00e9chauffement de la plan\u00e8te fait que l&rsquo;atmosph\u00e8re retient l&rsquo;humidit\u00e9 et que la temp\u00e9rature des oc\u00e9ans monte en fl\u00e8che, ingr\u00e9dients essentiels pour qu&rsquo;une temp\u00eate prenne de l&rsquo;ampleur. Les eaux chaudes permettent aux ouragans de d\u00e9verser plus de pluie et de se renforcer plus rapidement.<\/p>\n<p>Une <a href=\"https:\/\/www.climatecentral.org\/tropical-cyclones\/erin-2025\" target=\"_blank\" rel=\"noreferrer noopener\"><strong>analyse pr\u00e9liminaire<\/strong><\/a> r\u00e9alis\u00e9e par l&rsquo;organisation de recherche \u00e0 but non lucratif Climate Central affirme que l&rsquo;intensification rapide d&rsquo;Erin samedi s&rsquo;est produite lorsque l&rsquo;ouragan s&rsquo;est d\u00e9plac\u00e9 sur des \u00ab\u00a0eaux oc\u00e9aniques anormalement chaudes\u00a0\u00bb, rendues jusqu&rsquo;\u00e0 100 fois plus probables par le changement climatique.**<\/p>\n<p>Les m\u00e9t\u00e9orologues affirment qu&rsquo;<strong>Erin est \u00ab\u00a0exceptionnellement grand\u00a0\u00bb<\/strong> et qu&rsquo;il devrait prendre de l&rsquo;ampleur, fluctuant entre des vents de cat\u00e9gorie 2 et 3, \u00e0 mesure qu&rsquo;il se d\u00e9place vers le nord, en direction de l&rsquo;ouest de l&rsquo;oc\u00e9an Atlantique.<\/p>\n<p><strong>L&rsquo;ouragan ne devrait pas toucher terre<\/strong>, mais il devrait provoquer des courants, des vagues et des inondations potentiellement mortelles aux Bahamas, aux Bermudes, sur la c\u00f4te est des \u00c9tats-Unis et sur la c\u00f4te atlantique du Canada dans les jours \u00e0 venir.<\/p>\n<p>L&rsquo;Europe ressentira-t-elle les effets de l&rsquo;ouragan Erin ?<\/p>\n<p>En se d\u00e9pla\u00e7ant dans les eaux plus froides de l&rsquo;Atlantique, Erin n&rsquo;aura plus l&rsquo;\u00e9nergie n\u00e9cessaire pour se maintenir en tant qu&rsquo;ouragan. Il se transformera en une d\u00e9pression extratropicale ou post-tropicale.<\/p>\n<p>Cela signifie qu&rsquo;il s&rsquo;agira toujours d&rsquo;une temp\u00eate, mais pas d&rsquo;un ouragan. Il tire son \u00e9nergie de l&rsquo;affrontement de masses d&rsquo;air chaud et froid, et non de l&rsquo;eau chaude des oc\u00e9ans.<\/p>\n<p>Selon les pr\u00e9visions, <strong>les restes d&rsquo;Erin risquent fort de toucher certaines r\u00e9gions d&rsquo;Europe occidentale, notamment le Royaume-Uni et l&rsquo;Irlande.<\/strong><\/p>\n<p>Le Met Office britannique indique qu&rsquo;il est possible que le temps devienne plus instable vers la fin du week-end et qu&rsquo;il surveille de pr\u00e8s la trajectoire de l&rsquo;ouragan.<\/p>\n<p>\u00ab\u00a0Nous surveillons de pr\u00e8s la trajectoire d&rsquo;Erin, avec la possibilit\u00e9 que le Royaume-Uni ressente les effets de ce qui serait alors l&rsquo;ex-ouragan Erin \u00e0 un moment donn\u00e9 la semaine prochaine, apportant une zone de basse pression au Royaume-Uni et des conditions plus instables\u00a0\u00bb, explique Stephen Kocher, m\u00e9t\u00e9orologue en chef adjoint.<\/p>\n<p>\u00ab\u00a0Toutefois, comme nous sommes encore dans une semaine, les pr\u00e9visions sont tr\u00e8s incertaines, mais il est possible que le temps soit humide et venteux pendant la derni\u00e8re semaine du mois d&rsquo;ao\u00fbt.<\/p>\n<p>\u00ab\u00a0Nous suivrons de pr\u00e8s les mouvements de l&rsquo;ouragan Erin au cours des prochains jours et mettrons \u00e0 jour nos pr\u00e9visions en cons\u00e9quence.<\/p>\n","protected":false},"excerpt":{"rendered":"Par&amp;nbspEuronews Green Publi\u00e9 le 20\/08\/2025 &#8211; 6:33 UTC+2 PUBLICIT\u00c9 L&rsquo;ouragan Erin est devenu le premier ouragan atlantique de&hellip;\n","protected":false},"author":2,"featured_media":331409,"comment_status":"","ping_status":"","sticky":false,"template":"","format":"standard","meta":{"footnotes":""},"categories":[5],"tags":[11,4734,674,1011,27,14,12,24246,7747,28],"class_list":{"0":"post-331408","1":"post","2":"type-post","3":"status-publish","4":"format-standard","5":"has-post-thumbnail","7":"category-international","8":"tag-actualites","9":"tag-changement-climatique","10":"tag-europe","11":"tag-fr","12":"tag-france","13":"tag-international","14":"tag-news","15":"tag-ouragans","16":"tag-tempete","17":"tag-world"},"share_on_mastodon":{"url":"https:\/\/pubeurope.com\/@fr\/115060746672033542","error":""},"_links":{"self":[{"href":"https:\/\/www.europesays.com\/fr\/wp-json\/wp\/v2\/posts\/331408","targetHints":{"allow":["GET"]}}],"collection":[{"href":"https:\/\/www.europesays.com\/fr\/wp-json\/wp\/v2\/posts"}],"about":[{"href":"https:\/\/www.europesays.com\/fr\/wp-json\/wp\/v2\/types\/post"}],"author":[{"embeddable":true,"href":"https:\/\/www.europesays.com\/fr\/wp-json\/wp\/v2\/users\/2"}],"replies":[{"embeddable":true,"href":"https:\/\/www.europesays.com\/fr\/wp-json\/wp\/v2\/comments?post=331408"}],"version-history":[{"count":0,"href":"https:\/\/www.europesays.com\/fr\/wp-json\/wp\/v2\/posts\/331408\/revisions"}],"wp:featuredmedia":[{"embeddable":true,"href":"https:\/\/www.europesays.com\/fr\/wp-json\/wp\/v2\/media\/331409"}],"wp:attachment":[{"href":"https:\/\/www.europesays.com\/fr\/wp-json\/wp\/v2\/media?parent=331408"}],"wp:term":[{"taxonomy":"category","embeddable":true,"href":"https:\/\/www.europesays.com\/fr\/wp-json\/wp\/v2\/categories?post=331408"},{"taxonomy":"post_tag","embeddable":true,"href":"https:\/\/www.europesays.com\/fr\/wp-json\/wp\/v2\/tags?post=331408"}],"curies":[{"name":"wp","href":"https:\/\/api.w.org\/{rel}","templated":true}]}}