{"id":331410,"date":"2025-08-20T11:00:11","date_gmt":"2025-08-20T11:00:11","guid":{"rendered":"https:\/\/www.europesays.com\/fr\/331410\/"},"modified":"2025-08-20T11:00:11","modified_gmt":"2025-08-20T11:00:11","slug":"une-jeune-femme-de-18-ans-denonce-un-viol-dans-un-hall-dimmeuble","status":"publish","type":"post","link":"https:\/\/www.europesays.com\/fr\/331410\/","title":{"rendered":"une jeune femme de 18 ans d\u00e9nonce un viol dans un hall d\u2019immeuble"},"content":{"rendered":"<p><strong>INFO LE FIGARO &#8211;<\/strong> Les faits d\u00e9nonc\u00e9s datent du mardi 5 ao\u00fbt. Une enqu\u00eate est en cours pour identifier l\u2019auteur.<\/p>\n<p class=\"fig-paragraph\">Une jeune femme de 18 ans d\u00e9nonce un viol sordide survenu mardi 5 ao\u00fbt \u00e0\u00a0<a href=\"http:\/\/www.lefigaro.fr\/actualite-france\/a-nimes-les-quartiers-sensibles-de-la-ville-face-a-l-entree-en-vigueur-du-couvre-feu-pour-mineurs-20250721\" target=\"_blank\" data-fig-type=\"Article\" rel=\"noopener\" data-gtm-custom-categorie=\"navigation\" data-gtm-custom-action=\"crossclick\" data-gtm-custom-label=\"Contextuel\" data-gtm-event=\"customEventSPE\" data-fig-domain=\"LEFIGARO\">N\u00eemes<\/a>\u00a0(Gard) aux alentours de 17 heures 45, a appris Le Figaro de source polici\u00e8re.<\/p>\n<p class=\"fig-paragraph\">Selon son r\u00e9cit, un inconnu l\u2019aurait attrap\u00e9e par le bras en pleine rue alors qu\u2019elle rentrait chez elle \u00e0 pied. Cet homme l\u2019aurait ensuite conduite de force vers un hall d\u2019immeuble non \u00e9clair\u00e9 avant de la violer \u00e0 plusieurs reprises tout en mena\u00e7ant de la frapper. Apr\u00e8s les faits, la jeune femme a \u00e9t\u00e9 conduite \u00e0 l\u2019h\u00f4pital en \u00e9tat de sid\u00e9ration.<\/p>\n<p>                                    <a class=\"fig-a11y-skip a11y-hidden\" href=\"#fig-a11y-skip-main-inarticle\"><br \/>\n        Passer la publicit\u00e9<br \/>\n    <\/a><\/p>\n<p class=\"fig-paragraph\">\u00abUne enqu\u00eate est en cours afin d\u2019identifier l\u2019auteur\u00bb, confirme le parquet de N\u00eemes au Figaro. Les investigations ont \u00e9t\u00e9 confi\u00e9es \u00e0 la direction interd\u00e9partementale de la police nationale du Gard (DIPN 30).<\/p>\n","protected":false},"excerpt":{"rendered":"INFO LE FIGARO &#8211; Les faits d\u00e9nonc\u00e9s datent du mardi 5 ao\u00fbt. Une enqu\u00eate est en cours pour&hellip;\n","protected":false},"author":2,"featured_media":331411,"comment_status":"","ping_status":"","sticky":false,"template":"","format":"standard","meta":{"footnotes":""},"categories":[4],"tags":[11,1011,27,2679,12,2682,25,1265],"class_list":{"0":"post-331410","1":"post","2":"type-post","3":"status-publish","4":"format-standard","5":"has-post-thumbnail","7":"category-france","8":"tag-actualites","9":"tag-fr","10":"tag-france","11":"tag-gard","12":"tag-news","13":"tag-nimes","14":"tag-republique-francaise","15":"tag-viol"},"share_on_mastodon":{"url":"https:\/\/pubeurope.com\/@fr\/115060750667078645","error":""},"_links":{"self":[{"href":"https:\/\/www.europesays.com\/fr\/wp-json\/wp\/v2\/posts\/331410","targetHints":{"allow":["GET"]}}],"collection":[{"href":"https:\/\/www.europesays.com\/fr\/wp-json\/wp\/v2\/posts"}],"about":[{"href":"https:\/\/www.europesays.com\/fr\/wp-json\/wp\/v2\/types\/post"}],"author":[{"embeddable":true,"href":"https:\/\/www.europesays.com\/fr\/wp-json\/wp\/v2\/users\/2"}],"replies":[{"embeddable":true,"href":"https:\/\/www.europesays.com\/fr\/wp-json\/wp\/v2\/comments?post=331410"}],"version-history":[{"count":0,"href":"https:\/\/www.europesays.com\/fr\/wp-json\/wp\/v2\/posts\/331410\/revisions"}],"wp:featuredmedia":[{"embeddable":true,"href":"https:\/\/www.europesays.com\/fr\/wp-json\/wp\/v2\/media\/331411"}],"wp:attachment":[{"href":"https:\/\/www.europesays.com\/fr\/wp-json\/wp\/v2\/media?parent=331410"}],"wp:term":[{"taxonomy":"category","embeddable":true,"href":"https:\/\/www.europesays.com\/fr\/wp-json\/wp\/v2\/categories?post=331410"},{"taxonomy":"post_tag","embeddable":true,"href":"https:\/\/www.europesays.com\/fr\/wp-json\/wp\/v2\/tags?post=331410"}],"curies":[{"name":"wp","href":"https:\/\/api.w.org\/{rel}","templated":true}]}}