{"id":331416,"date":"2025-08-20T11:03:12","date_gmt":"2025-08-20T11:03:12","guid":{"rendered":"https:\/\/www.europesays.com\/fr\/331416\/"},"modified":"2025-08-20T11:03:12","modified_gmt":"2025-08-20T11:03:12","slug":"saint-etienne-nouvelles-fermetures-dans-un-centre-ville-en-souffrance","status":"publish","type":"post","link":"https:\/\/www.europesays.com\/fr\/331416\/","title":{"rendered":"SAINT-\u00c9TIENNE : NOUVELLES FERMETURES DANS UN CENTRE-VILLE EN SOUFFRANCE"},"content":{"rendered":"<p>                <a href=\"https:\/\/cadenceradio.fr\" target=\"_blank\" aria-label=\"Banni\u00e8re Cadence 2025\" rel=\"nofollow noopener\"><img loading=\"lazy\" decoding=\"async\" src=\"https:\/\/www.europesays.com\/fr\/wp-content\/uploads\/2025\/07\/Banniere-Cadence-2025-scaled.jpg\" alt=\"\"   width=\"2560\" height=\"738\"\/><\/a><\/p>\n<p>Apr\u00e8s une s\u00e9rie de cessations d\u2019activit\u00e9 depuis le d\u00e9but de l\u2019\u00e9t\u00e9, les enseignes Adidas et Free rejoignent la liste inqui\u00e9tante des commerces qui abandonnent le centre-ville. Cette nouvelle saign\u00e9e s\u2019ajoute aux r\u00e9centes disparitions de plusieurs \u00e9tablissements : Gant rue Michelet, Nashville Hot Chicken place Jean-Jaur\u00e8s, Richard Traiteur rue du Grand-Moulin, Moonbo place de l\u2019H\u00f4tel-de-Ville, My Lovers by Jeffy Pop rue Alsace-Lorraine, ou encore la boulangerie de Saint-Jacques rue Pointe-Cadet. Un v\u00e9ritable d\u00e9sastre commercial pour le territoire urbain.<\/p>\n<p>Free tire le rideau d\u00e9finitivement<\/p>\n<p>L\u2019op\u00e9rateur de t\u00e9l\u00e9communications Free a cess\u00e9 son activit\u00e9 le 8 ao\u00fbt dernier dans ses locaux du 3 place du Peuple. La soci\u00e9t\u00e9 redirige d\u00e9sormais sa client\u00e8le vers ses points de vente de Centre-Deux et de Villars, abandonnant ainsi sa pr\u00e9sence physique dans l\u2019hypercentre st\u00e9phanois.<\/p>\n<p>Adidas programme son d\u00e9part pour octobre<\/p>\n<p>La c\u00e9l\u00e8bre marque allemande de v\u00eatements de sport a lanc\u00e9 ce mercredi 20 ao\u00fbt une op\u00e9ration de liquidation qui se prolongera jusqu\u2019au 20 octobre, date de fermeture d\u00e9finitive pr\u00e9vue. Cette enseigne occupait le num\u00e9ro 9 de la rue Alsace-Lorraine depuis novembre 2019, apr\u00e8s avoir quitt\u00e9 ses anciens locaux situ\u00e9s \u00e0 l\u2019angle de l\u2019avenue de la Lib\u00e9ration et de la rue du Grand-Moulin.<\/p>\n<p>Cette rue Alsace-Lorraine, consid\u00e9r\u00e9e jusqu\u2019alors comme l\u2019une des art\u00e8res les plus attractives du centre-ville, perd ainsi l\u2019une de ses enseignes phares. Cette d\u00e9fection questionne la p\u00e9rennit\u00e9 commerciale de ce secteur strat\u00e9gique.<\/p>\n<p>L\u2019exode vers les centres commerciaux p\u00e9riph\u00e9riques<\/p>\n<p>Le d\u00e9part d\u2019Adidas s\u2019inscrit dans une logique d\u00e9j\u00e0 observ\u00e9e avec d\u2019autres grandes enseignes nationales. H&amp;M, Zara et la Fnac ont pr\u00e9c\u00e9demment quitt\u00e9 le centre-ville pour s\u2019implanter dans des zones commerciales p\u00e9riph\u00e9riques, notamment le centre Steel au Pont-de-l\u2019\u00c2ne.<\/p>\n<p>Selon certaines sources, Adidas pourrait \u00e9galement rejoindre cette destination, confirmant l\u2019attractivit\u00e9 grandissante de ces nouveaux p\u00f4les commerciaux au d\u00e9triment du c\u0153ur historique de la ville. Cette migration interroge sur la capacit\u00e9 du centre-ville \u00e0 maintenir son attractivit\u00e9 face \u00e0 la concurrence de ces nouveaux formats.<\/p>\n<p>Des rumeurs persistantes sur d\u2019autres d\u00e9parts<\/p>\n<p>L\u2019environnement commercial st\u00e9phanois demeure fragile avec des interrogations sur l\u2019avenir d\u2019autres enseignes. Sephora, install\u00e9 place Dorian, fait l\u2019objet de rumeurs de fermeture qui circulent depuis plusieurs mois, alimentant les inqui\u00e9tudes sur la poursuite de cette h\u00e9morragie commerciale.<\/p>\n<p>Une lueur d\u2019espoir avec une reprise annonc\u00e9e<\/p>\n<p>Malgr\u00e9 ce tableau sombre, le local laiss\u00e9 vacant par Adidas devrait trouver rapidement un repreneur. La boutique de pr\u00eat-\u00e0-porter f\u00e9minin \u00ab\u00a0Noir de monde\u00a0\u00bb, actuellement install\u00e9e provisoirement rue Michelet depuis juin, s\u2019appr\u00eaterait \u00e0 reprendre ces locaux.<\/p>\n<p>Cette reprise, bien qu\u2019encourageante, ne compense que partiellement la perte d\u2019une enseigne internationale reconnue. Elle t\u00e9moigne n\u00e9anmoins de la persistance de certains entrepreneurs \u00e0 miser sur l\u2019avenir du centre-ville.<\/p>\n<p>Un ph\u00e9nom\u00e8ne d\u2019ampleur pr\u00e9occupante<\/p>\n<p>Ces fermetures successives r\u00e9v\u00e8lent les difficult\u00e9s structurelles du commerce de centre-ville face aux mutations du secteur. Entre concurrence du e-commerce, \u00e9volution des comportements de consommation et attractivit\u00e9 des zones commerciales p\u00e9riph\u00e9riques, les d\u00e9fis s\u2019accumulent pour maintenir la vitalit\u00e9 commerciale du c\u0153ur urbain.<\/p>\n<p>Cette situation interpelle sur la n\u00e9cessit\u00e9 de repenser l\u2019attractivit\u00e9 du centre-ville st\u00e9phanois et de d\u00e9velopper des strat\u00e9gies adapt\u00e9es pour enrayer cette spirale d\u00e9clinante qui menace l\u2019\u00e9quilibre \u00e9conomique et social du territoire.<\/p>\n","protected":false},"excerpt":{"rendered":"Apr\u00e8s une s\u00e9rie de cessations d\u2019activit\u00e9 depuis le d\u00e9but de l\u2019\u00e9t\u00e9, les enseignes Adidas et Free rejoignent la&hellip;\n","protected":false},"author":2,"featured_media":331417,"comment_status":"","ping_status":"","sticky":false,"template":"","format":"standard","meta":{"footnotes":""},"categories":[9653],"tags":[1111,11,2430,215,33,1777,674,1011,27,3367,12,25,4001],"class_list":{"0":"post-331416","1":"post","2":"type-post","3":"status-publish","4":"format-standard","5":"has-post-thumbnail","7":"category-saint-etienne","8":"tag-actu","9":"tag-actualites","10":"tag-auvergne-rhone-alpes","11":"tag-commerce","12":"tag-economie","13":"tag-eu","14":"tag-europe","15":"tag-fr","16":"tag-france","17":"tag-loire","18":"tag-news","19":"tag-republique-francaise","20":"tag-saint-etienne"},"share_on_mastodon":{"url":"https:\/\/pubeurope.com\/@fr\/115060762516438935","error":""},"_links":{"self":[{"href":"https:\/\/www.europesays.com\/fr\/wp-json\/wp\/v2\/posts\/331416","targetHints":{"allow":["GET"]}}],"collection":[{"href":"https:\/\/www.europesays.com\/fr\/wp-json\/wp\/v2\/posts"}],"about":[{"href":"https:\/\/www.europesays.com\/fr\/wp-json\/wp\/v2\/types\/post"}],"author":[{"embeddable":true,"href":"https:\/\/www.europesays.com\/fr\/wp-json\/wp\/v2\/users\/2"}],"replies":[{"embeddable":true,"href":"https:\/\/www.europesays.com\/fr\/wp-json\/wp\/v2\/comments?post=331416"}],"version-history":[{"count":0,"href":"https:\/\/www.europesays.com\/fr\/wp-json\/wp\/v2\/posts\/331416\/revisions"}],"wp:featuredmedia":[{"embeddable":true,"href":"https:\/\/www.europesays.com\/fr\/wp-json\/wp\/v2\/media\/331417"}],"wp:attachment":[{"href":"https:\/\/www.europesays.com\/fr\/wp-json\/wp\/v2\/media?parent=331416"}],"wp:term":[{"taxonomy":"category","embeddable":true,"href":"https:\/\/www.europesays.com\/fr\/wp-json\/wp\/v2\/categories?post=331416"},{"taxonomy":"post_tag","embeddable":true,"href":"https:\/\/www.europesays.com\/fr\/wp-json\/wp\/v2\/tags?post=331416"}],"curies":[{"name":"wp","href":"https:\/\/api.w.org\/{rel}","templated":true}]}}