{"id":331418,"date":"2025-08-20T11:04:20","date_gmt":"2025-08-20T11:04:20","guid":{"rendered":"https:\/\/www.europesays.com\/fr\/331418\/"},"modified":"2025-08-20T11:04:20","modified_gmt":"2025-08-20T11:04:20","slug":"coupures-de-circulation-sur-la31-entre-metz-et-nancy","status":"publish","type":"post","link":"https:\/\/www.europesays.com\/fr\/331418\/","title":{"rendered":"Coupures de circulation sur l&rsquo;A31 entre Metz et Nancy"},"content":{"rendered":"<p>Les<strong> travaux de r\u00e9novation du viaduc d\u2019Autreville<\/strong>, en Meurthe-et-Moselle, vont entra\u00eener quelques <strong>nouvelles perturbations sur l\u2019A31<\/strong>. Ils provoqueront une coupure de la circulation sur l\u2019autoroute, de 20h00 \u00e0 6h00 :<\/p>\n<ul class=\"wp-block-list\">\n<li>La nuit du 25 au 26 ao\u00fbt 2025 (sens Nancy vers Metz)<\/li>\n<li>La nuit du 26 au 27 ao\u00fbt 2025 (sens Metz vers Nancy)<\/li>\n<\/ul>\n<p><img fetchpriority=\"high\" decoding=\"async\" width=\"1200\" height=\"674\" src=\"https:\/\/www.europesays.com\/fr\/wp-content\/uploads\/2025\/08\/travaux-viaduc-autreville-a31-1200x674.jpg\" alt=\"\" class=\"wp-image-209440\"  \/>Photo du Viaduc d\u2019Autreville (Cr\u00e9dit : DIR Est)<\/p>\n<p>\u00ab Une nuit suppl\u00e9mentaire est pr\u00e9vue du 27 au 28 ao\u00fbt 2025 en cas d\u2019intemp\u00e9ries ou probl\u00e8mes techniques ne permettant pas de r\u00e9aliser les travaux \u00bb, pr\u00e9cise la Direction Interd\u00e9partementale des Routes Est. <\/p>\n<p>Le point sur les d\u00e9viations<\/p>\n<p>Des d\u00e9viations seront mises en place via les routes d\u00e9partementales tout au long des op\u00e9rations. Dans le<strong> sens Nancy vers Metz, l\u2019autoroute A31 sera ferm\u00e9e \u00e0 hauteur de Belleville<\/strong>. Les usagers devront emprunter la RD40, puis la RD120 jusqu\u2019\u00e0 l\u2019\u00e9changeur d\u2019Atton.<\/p>\n<p>Dans le <strong>sens Metz vers Nancy, l\u2019autoroute sera quant \u00e0 elle ferm\u00e9e au niveau d\u2019Atton<\/strong>. Les automobilistes seront invit\u00e9s \u00e0 prendre la RD120, la RD40 puis la RD657 jusqu\u2019\u00e0 l\u2019\u00e9changeur de Belleville. <\/p>\n","protected":false},"excerpt":{"rendered":"Les travaux de r\u00e9novation du viaduc d\u2019Autreville, en Meurthe-et-Moselle, vont entra\u00eener quelques nouvelles perturbations sur l\u2019A31. Ils provoqueront&hellip;\n","protected":false},"author":2,"featured_media":331419,"comment_status":"","ping_status":"","sticky":false,"template":"","format":"standard","meta":{"footnotes":""},"categories":[9635],"tags":[12275,1111,11,3542,1777,674,1011,27,775,1702,12,25,2086],"class_list":{"0":"post-331418","1":"post","2":"type-post","3":"status-publish","4":"format-standard","5":"has-post-thumbnail","7":"category-nancy","8":"tag-a31","9":"tag-actu","10":"tag-actualites","11":"tag-circulation","12":"tag-eu","13":"tag-europe","14":"tag-fr","15":"tag-france","16":"tag-grand-est","17":"tag-nancy","18":"tag-news","19":"tag-republique-francaise","20":"tag-travaux"},"share_on_mastodon":{"url":"https:\/\/pubeurope.com\/@fr\/115060766498634280","error":""},"_links":{"self":[{"href":"https:\/\/www.europesays.com\/fr\/wp-json\/wp\/v2\/posts\/331418","targetHints":{"allow":["GET"]}}],"collection":[{"href":"https:\/\/www.europesays.com\/fr\/wp-json\/wp\/v2\/posts"}],"about":[{"href":"https:\/\/www.europesays.com\/fr\/wp-json\/wp\/v2\/types\/post"}],"author":[{"embeddable":true,"href":"https:\/\/www.europesays.com\/fr\/wp-json\/wp\/v2\/users\/2"}],"replies":[{"embeddable":true,"href":"https:\/\/www.europesays.com\/fr\/wp-json\/wp\/v2\/comments?post=331418"}],"version-history":[{"count":0,"href":"https:\/\/www.europesays.com\/fr\/wp-json\/wp\/v2\/posts\/331418\/revisions"}],"wp:featuredmedia":[{"embeddable":true,"href":"https:\/\/www.europesays.com\/fr\/wp-json\/wp\/v2\/media\/331419"}],"wp:attachment":[{"href":"https:\/\/www.europesays.com\/fr\/wp-json\/wp\/v2\/media?parent=331418"}],"wp:term":[{"taxonomy":"category","embeddable":true,"href":"https:\/\/www.europesays.com\/fr\/wp-json\/wp\/v2\/categories?post=331418"},{"taxonomy":"post_tag","embeddable":true,"href":"https:\/\/www.europesays.com\/fr\/wp-json\/wp\/v2\/tags?post=331418"}],"curies":[{"name":"wp","href":"https:\/\/api.w.org\/{rel}","templated":true}]}}