{"id":331424,"date":"2025-08-20T11:07:09","date_gmt":"2025-08-20T11:07:09","guid":{"rendered":"https:\/\/www.europesays.com\/fr\/331424\/"},"modified":"2025-08-20T11:07:09","modified_gmt":"2025-08-20T11:07:09","slug":"important-bouchon-apres-bandol-direction-toulon","status":"publish","type":"post","link":"https:\/\/www.europesays.com\/fr\/331424\/","title":{"rendered":"important bouchon apr\u00e8s Bandol direction Toulon"},"content":{"rendered":"<p itemprop=\"description\">Un accident grave bloque l\u2019A50 entre Ollioules et Six-Fours-les-Plages. Un important bouchon s&rsquo;est form\u00e9 au niveau de Bandol. VINCI Autoroutes recommande de sortir \u00e0 Bandol et d\u2019\u00e9viter le secteur. Le retour \u00e0 la normale pourrait \u00eatre tr\u00e8s long.<\/p>\n<p>        Un accident majeur perturbe fortement la circulation sur l\u2019autoroute A50 dans le secteur de Toulon, en provenance de Marseille. L&rsquo;autoroute A50 est coup\u00e9e au trafic avant d&rsquo;arriver \u00e0 Toulon.<\/p>\n<p>L\u2019accident implique plusieurs v\u00e9hicules, dont des poids lourds et des remorques. Une remorque d\u2019ailleurs est s\u00fbrement couch\u00e9e sur son flanc et puis des v\u00e9hicules tr\u00e8s endommag\u00e9s. Les pompiers sont d\u00e9j\u00e0 sur place pour prendre en charge les personnes impliqu\u00e9es, certaines pouvant \u00eatre encore coinc\u00e9es dans les v\u00e9hicules.<\/p>\n<p>\u00c0 12h30, Olivier Musson de VINCI Autoroutes est intervenu pour pr\u00e9ciser la situation\u202f: \u00ab\u202fOn a un grave accident qui s&rsquo;est produit impliquant deux poids lourds et une voiture. Donc on est entre les \u00e9changeurs de Ollioules et Six-Fours-les-Plages, en direction de Toulon.\u202f\u00bb<br \/>&#13;<br \/>\nL\u2019autoroute est totalement coup\u00e9e. \u00ab\u202fL&rsquo;autoroute, suite \u00e0 cet accident, est totalement coup\u00e9e. On a les pompiers qui sont arriv\u00e9s sur place pour m\u00e9dicaliser les personnes. Donc c&rsquo;est effectivement un tr\u00e8s grave accident.\u202f\u00bb<\/p>\n<p>La d\u00e9viation initialement pr\u00e9vue \u00e0 Ollioules a \u00e9t\u00e9 d\u00e9plac\u00e9e \u00e0 Bandol. \u00ab\u202fTout \u00e0 l&rsquo;heure on avait de la d\u00e9viation qui \u00e9tait faite au niveau de Ollioules. Maintenant on est oblig\u00e9 de la faire au niveau de l&rsquo;\u00e9changeur de Bandol.\u202f\u00bb<\/p>\n<p>Concernant le retour \u00e0 la normale, aucune estimation pr\u00e9cise n\u2019est possible. \u00ab\u202f\u00c7a va \u00eatre tr\u00e8s long puisque c&rsquo;est un accident grave. Pour l&rsquo;instant on est tributaire de l&rsquo;intervention des secours. Donc pour l&rsquo;instant on ne peut pas se prononcer sur le d\u00e9lai.\u202f\u00bb<\/p>\n<p>Olivier Musson recommande aux automobilistes, notamment les vacanciers, d\u2019\u00e9viter le secteur\u202f: \u00ab\u202fLe mieux c&rsquo;est de ne pas venir dans ce secteur. S&rsquo;ils peuvent diff\u00e9rer leur d\u00e9part \u00e7a ne serait que mieux.\u202f\u00bb<br \/>&#13;<br \/>\nIl propose \u00e9galement un itin\u00e9raire alternatif pour les usagers venant d\u2019Aix-en-Provence. \u00ab\u202f\u00c9ventuellement les gens qui sont au niveau de Aix-en-Provence plut\u00f4t que de descendre par Aubagne. \u00c9ventuellement d&rsquo;aller au niveau de la bifurcation A8 \u00e0 A57.\u202f\u00bb<\/p>\n<p>Enfin, un message est adress\u00e9 aux conducteurs de poids lourds. \u00ab\u202fAlors s&rsquo;ils nous \u00e9coutent, on peut les inviter \u00e0 s&rsquo;arr\u00eater sur les aires de repos et de services en attendant un r\u00e9tablissement de la circulation.\u202f\u00bb    <\/p>\n","protected":false},"excerpt":{"rendered":"Un accident grave bloque l\u2019A50 entre Ollioules et Six-Fours-les-Plages. Un important bouchon s&rsquo;est form\u00e9 au niveau de Bandol.&hellip;\n","protected":false},"author":2,"featured_media":331425,"comment_status":"","ping_status":"","sticky":false,"template":"","format":"standard","meta":{"footnotes":""},"categories":[9619],"tags":[119,1111,11,150,20767,17273,4899,13635,1777,674,1011,27,16871,12699,12,882,25,46882,2310],"class_list":{"0":"post-331424","1":"post","2":"type-post","3":"status-publish","4":"format-standard","5":"has-post-thumbnail","7":"category-toulon","8":"tag-accident","9":"tag-actu","10":"tag-actualites","11":"tag-apres","12":"tag-bandol","13":"tag-bloque","14":"tag-bouchon","15":"tag-direction","16":"tag-eu","17":"tag-europe","18":"tag-fr","19":"tag-france","20":"tag-grave","21":"tag-important","22":"tag-news","23":"tag-provence-alpes-cote-dazur","24":"tag-republique-francaise","25":"tag-sanary","26":"tag-toulon"},"share_on_mastodon":{"url":"https:\/\/pubeurope.com\/@fr\/115060778191432545","error":""},"_links":{"self":[{"href":"https:\/\/www.europesays.com\/fr\/wp-json\/wp\/v2\/posts\/331424","targetHints":{"allow":["GET"]}}],"collection":[{"href":"https:\/\/www.europesays.com\/fr\/wp-json\/wp\/v2\/posts"}],"about":[{"href":"https:\/\/www.europesays.com\/fr\/wp-json\/wp\/v2\/types\/post"}],"author":[{"embeddable":true,"href":"https:\/\/www.europesays.com\/fr\/wp-json\/wp\/v2\/users\/2"}],"replies":[{"embeddable":true,"href":"https:\/\/www.europesays.com\/fr\/wp-json\/wp\/v2\/comments?post=331424"}],"version-history":[{"count":0,"href":"https:\/\/www.europesays.com\/fr\/wp-json\/wp\/v2\/posts\/331424\/revisions"}],"wp:featuredmedia":[{"embeddable":true,"href":"https:\/\/www.europesays.com\/fr\/wp-json\/wp\/v2\/media\/331425"}],"wp:attachment":[{"href":"https:\/\/www.europesays.com\/fr\/wp-json\/wp\/v2\/media?parent=331424"}],"wp:term":[{"taxonomy":"category","embeddable":true,"href":"https:\/\/www.europesays.com\/fr\/wp-json\/wp\/v2\/categories?post=331424"},{"taxonomy":"post_tag","embeddable":true,"href":"https:\/\/www.europesays.com\/fr\/wp-json\/wp\/v2\/tags?post=331424"}],"curies":[{"name":"wp","href":"https:\/\/api.w.org\/{rel}","templated":true}]}}